{"id":51989,"date":"2023-02-22T22:12:28","date_gmt":"2023-02-23T04:12:28","guid":{"rendered":"http:\/\/www.zonaroja.com.mx\/?p=51989"},"modified":"2023-02-22T22:12:32","modified_gmt":"2023-02-23T04:12:32","slug":"vive-oaxaca-enesimo-dia-de-bloqueos-y-protestas-ante-fallas-en-sego","status":"publish","type":"post","link":"https:\/\/zonaroja.com.mx\/?p=51989","title":{"rendered":"Vive Oaxaca en\u00e9simo d\u00eda de bloqueos y protestas, ante fallas en Sego"},"content":{"rendered":"\n<p>Ismael Garc\u00eda M.\/Zona Roja.<\/p>\n\n\n\n<p>Oaxaca de Ju\u00e1rez, Oax., a 22 de febrero de 2023.- A punto de cumplir los tres meses, en el gobierno de Salom\u00f3n Jara Cruz las protestas sociales y los bloqueos carreteros aumentan sin freno, ante las fallas en la pol\u00edtica interna a cargo de la Secretar\u00eda de Gobierno que preside Jes\u00fas Romero L\u00f3pez.<\/p>\n\n\n\n<p>En la sede del Congreso del Estado, el Frente de Agencias Municipales y de Polic\u00edas bloque\u00f3 por varias horas el acceso, para exigir a los integrantes de la 65 Legislatura la aprobaci\u00f3n de la iniciativa de reforma a los art\u00edculos 68 de la Ley Org\u00e1nica Municipal y 24 de la Ley de Coordinaci\u00f3n Fiscal para que reciban de manera directa los recursos de los ramos 28 y 33.<\/p>\n\n\n\n<p>De acuerdo con Fernando Vargas Jim\u00e9nez, es urgente y necesario que las autoridades auxiliares cuenten de manera directa con el recurso para poder impulsar el desarrollo de sus comunidades; dijo que el Frente agrupa a al menos 70 autoridades auxiliares.<\/p>\n\n\n\n<p>En el z\u00f3calo de la ciudad de Oaxaca y las calles Bustamante y Flores Mag\u00f3n, una representaci\u00f3n de docentes de la Secci\u00f3n 22 del SNTE se mantuvieron para dar cobertura a la reuni\u00f3n de su dirigencia con el gobierno estatal, que se prolong\u00f3 durante todo el d\u00eda.<\/p>\n\n\n\n<figure class=\"wp-block-embed is-type-rich is-provider-twitter wp-block-embed-twitter\"><div class=\"wp-block-embed__wrapper\">\n<div class=\"twitter-tweet\"><blockquote class=\"twitter-tweet\" data-lang=\"es\"><p lang=\"es\" dir=\"ltr\"><a href=\"https:\/\/twitter.com\/hashtag\/%C3%9AltimoMinuto?src=hash&amp;ref_src=twsrc%5Etfw\">#\u00daltimoMinuto<\/a><br>La crisis de ingobernabilidad en <a href=\"https:\/\/twitter.com\/hashtag\/Oaxaca?src=hash&amp;ref_src=twsrc%5Etfw\">#Oaxaca<\/a> escala. <br>Ahora integrantes del Frente de Agencias Municipales y de Polic\u00eda de <a href=\"https:\/\/twitter.com\/hashtag\/Oaxaca?src=hash&amp;ref_src=twsrc%5Etfw\">#Oaxaca<\/a> bloquean accesos a la sede del <a href=\"https:\/\/twitter.com\/CongresoOaxaca_?ref_src=twsrc%5Etfw\">@CongresoOaxaca_<\/a>. <a href=\"https:\/\/t.co\/RDme8BsJ39\">pic.twitter.com\/RDme8BsJ39<\/a><\/p>&mdash; Zona Roja Oaxaca (@ZonaRoja_Oaxaca) <a href=\"https:\/\/twitter.com\/ZonaRoja_Oaxaca\/status\/1628471353023033344?ref_src=twsrc%5Etfw\">22 de febrero de 2023<\/a><\/blockquote><\/div>\n<\/div><\/figure>\n\n\n\n<p>En ese lapso, bloquearon los accesos al Palacio de Gobierno, lo que provoc\u00f3 la retenci\u00f3n temporal de trabajadores, funcionarios y periodistas que hab\u00edan acudido a cubrir una conferencia de prensa.<\/p>\n\n\n\n<p>En San Juan Bautista Cuicatl\u00e1n, autoridades y padres de familia de los alumnos bloquearon la sede del plantel 02 del Colegio de Estudios Cient\u00edficos y Tecnol\u00f3gicos, ante la negativa de la directora general, Blanca Luz Mart\u00ednez, de retirar al director designado, que no tiene experiencia educativa sino restaurantera.<\/p>\n\n\n\n<p>Desde las nueve de la ma\u00f1ana y hasta las tres de la tarde, integrantes del Sindicato de Trabajadores y Empleados de la UABJO bloquearon el cruce del bulevar Eduardo Vasconcelos con H\u00e9roes de Chapultepec y Heroico Colegio Militar, para exigir al gobierno y al rector Cristian \u00c9der Carre\u00f1o, respuestas a su pleito petitorio, o de lo contrario estallar\u00e1n su huelga el pr\u00f3ximo 28 de febrero.<\/p>\n\n\n\n<p>Mientras que en la regi\u00f3n del Istmo de Tehuantepec, un grupo de personas bloque\u00f3 durante casi todo el d\u00eda un punto del tramo carretero Juchit\u00e1n-Tehuantepec.<\/p>\n\n\n\n<p>Ello con la finalidad de exigir la excarcelaci\u00f3n de una persona de nombre Jhoan Matus, que afirmaron fue declarada culpable por un juez por un delito que aseguran no cometi\u00f3.<\/p>\n\n\n\n<figure class=\"wp-block-embed is-type-rich is-provider-twitter wp-block-embed-twitter\"><div class=\"wp-block-embed__wrapper\">\n<div class=\"twitter-tweet\"><blockquote class=\"twitter-tweet\" data-lang=\"es\"><p lang=\"es\" dir=\"ltr\">Contin\u00faa el bloqueo de integrantes del <a href=\"https:\/\/twitter.com\/STEUABJO?ref_src=twsrc%5Etfw\">@STEUABJO<\/a> en crucero vial del estadio de b\u00e9isbol de la capital oaxaque\u00f1a. <br>El dirigente Hip\u00f3lito Soriano Ortiz, acus\u00f3 incumplimiento de <a href=\"https:\/\/twitter.com\/SEGO_Oax?ref_src=twsrc%5Etfw\">@SEGO_Oax<\/a> para continuar la mesa de di\u00e1logo ayer por la tarde, por lo cual intensificaron movilizaciones. <a href=\"https:\/\/t.co\/zRpQ7n6Muw\">pic.twitter.com\/zRpQ7n6Muw<\/a><\/p>&mdash; Zona Roja Oaxaca (@ZonaRoja_Oaxaca) <a href=\"https:\/\/twitter.com\/ZonaRoja_Oaxaca\/status\/1628487429484077060?ref_src=twsrc%5Etfw\">22 de febrero de 2023<\/a><\/blockquote><\/div>\n<\/div><\/figure>\n","protected":false},"excerpt":{"rendered":"<p>Ismael Garc\u00eda M.\/Zona Roja. Oaxaca de Ju\u00e1rez, Oax., a 22 de febrero de 2023.- A&hellip;<\/p>\n","protected":false},"author":2,"featured_media":51990,"comment_status":"closed","ping_status":"open","sticky":false,"template":"","format":"standard","meta":{"_lmt_disableupdate":"","_lmt_disable":"","_jetpack_memberships_contains_paid_content":false,"footnotes":""},"categories":[109,47],"tags":[2264],"class_list":["post-51989","post","type-post","status-publish","format-standard","has-post-thumbnail","hentry","category-minuto-a-minuto","category-zona-gris","tag-bloqueos-y-protestas-oaxaca"],"jetpack_featured_media_url":"https:\/\/zonaroja.com.mx\/wp-content\/uploads\/2023\/02\/Bloqueos-Istmo.jpg","jetpack_sharing_enabled":true,"_links":{"self":[{"href":"https:\/\/zonaroja.com.mx\/index.php?rest_route=\/wp\/v2\/posts\/51989","targetHints":{"allow":["GET"]}}],"collection":[{"href":"https:\/\/zonaroja.com.mx\/index.php?rest_route=\/wp\/v2\/posts"}],"about":[{"href":"https:\/\/zonaroja.com.mx\/index.php?rest_route=\/wp\/v2\/types\/post"}],"author":[{"embeddable":true,"href":"https:\/\/zonaroja.com.mx\/index.php?rest_route=\/wp\/v2\/users\/2"}],"replies":[{"embeddable":true,"href":"https:\/\/zonaroja.com.mx\/index.php?rest_route=%2Fwp%2Fv2%2Fcomments&post=51989"}],"version-history":[{"count":1,"href":"https:\/\/zonaroja.com.mx\/index.php?rest_route=\/wp\/v2\/posts\/51989\/revisions"}],"predecessor-version":[{"id":51991,"href":"https:\/\/zonaroja.com.mx\/index.php?rest_route=\/wp\/v2\/posts\/51989\/revisions\/51991"}],"wp:featuredmedia":[{"embeddable":true,"href":"https:\/\/zonaroja.com.mx\/index.php?rest_route=\/wp\/v2\/media\/51990"}],"wp:attachment":[{"href":"https:\/\/zonaroja.com.mx\/index.php?rest_route=%2Fwp%2Fv2%2Fmedia&parent=51989"}],"wp:term":[{"taxonomy":"category","embeddable":true,"href":"https:\/\/zonaroja.com.mx\/index.php?rest_route=%2Fwp%2Fv2%2Fcategories&post=51989"},{"taxonomy":"post_tag","embeddable":true,"href":"https:\/\/zonaroja.com.mx\/index.php?rest_route=%2Fwp%2Fv2%2Ftags&post=51989"}],"curies":[{"name":"wp","href":"https:\/\/api.w.org\/{rel}","templated":true}]}}