{"id":52000,"date":"2023-02-23T08:29:00","date_gmt":"2023-02-23T14:29:00","guid":{"rendered":"http:\/\/www.zonaroja.com.mx\/?p=52000"},"modified":"2023-02-23T07:33:20","modified_gmt":"2023-02-23T13:33:20","slug":"alista-el-congreso-eleccion-de-titular-de-la-defensoria-de-derechos-humanos","status":"publish","type":"post","link":"https:\/\/zonaroja.com.mx\/?p=52000","title":{"rendered":"Alista el Congreso elecci\u00f3n de titular de la Defensor\u00eda de Derechos Humanos"},"content":{"rendered":"\n<p>Redacci\u00f3n\/Zona Roja.<\/p>\n\n\n\n<p>Oaxaca de Ju\u00e1rez, Oax., a 23 de febrero de 2023.- El pleno del Congreso del Estado aprob\u00f3 un Punto de Acuerdo para emitir la convocatoria a fin de iniciar el proceso de elecci\u00f3n del o la titular de la Defensor\u00eda de los Derechos Humanos del Pueblo de Oaxaca (DDHPO).<\/p>\n\n\n\n<p>Ello tras la renuncia que present\u00f3 Bernardo Rodr\u00edguez Alamilla a la presidencia del \u00f3rgano, el pasado 25 de enero \u2014misma que fue avalada el pasado 15 de febrero\u2014, tras asumir la titularidad de la Fiscal\u00eda General del Estado de Oaxaca.<\/p>\n\n\n\n<p>Con 23 votos a favor, los legisladores aprobaron la publicaci\u00f3n de los requisitos para que los interesados puedan aspirar al cargo de presidente o presidenta de la DDHPO, organismo aut\u00f3nomo.<\/p>\n\n\n\n<p>El pasado 15 de febrero, el Congreso nombr\u00f3 tambi\u00e9n como presidenta interina de la Defensor\u00eda de los Derechos Humanos del Pueblo de Oaxaca a Amalia Rueda Alonso, quien es coordinadora General de las Defensor\u00edas Adjuntas.<\/p>\n\n\n\n<p>El proceso estar\u00e1 a cargo de la Comisi\u00f3n Permanente de Derechos Humanos del Congreso de Oaxaca, y entre los requisitos establecidos, las y los aspirantes tendr\u00e1n que contar con la ciudadan\u00eda mexicana.<\/p>\n\n\n\n<p>Adem\u00e1s, estar en pleno uso de sus derechos civiles y pol\u00edticos; haber nacido en el estado de Oaxaca y ser residente durante los \u00faltimos cinco a\u00f1os; que no haya ocupado alg\u00fan cargo p\u00fablico de mando superior en la administraci\u00f3n p\u00fablica federal, estatal o municipal, durante los dos \u00faltimos a\u00f1os anteriores al d\u00eda de la designaci\u00f3n.<\/p>\n\n\n\n<p>No haber recibido condena por delito intencional, ni resultado responsable por violaciones a los derechos humanos en alguna de las recomendaciones emitidas por un organismo p\u00fablico de defensa y protecci\u00f3n de los derechos humanos; acreditar conocimientos suficientes te\u00f3ricos y pr\u00e1cticos en la defensa y promoci\u00f3n de los derechos humanos con perspectiva de g\u00e9nero y pluralismo jur\u00eddico.<\/p>\n\n\n\n<figure class=\"wp-block-embed is-type-rich is-provider-twitter wp-block-embed-twitter\"><div class=\"wp-block-embed__wrapper\">\n<div class=\"twitter-tweet\"><blockquote class=\"twitter-tweet\" data-lang=\"es\"><p lang=\"es\" dir=\"ltr\"><a href=\"https:\/\/twitter.com\/hashtag\/%C3%9AltimoMinuto?src=hash&amp;ref_src=twsrc%5Etfw\">#\u00daltimoMinuto<\/a><br>Con 23 votos, el pleno del <a href=\"https:\/\/twitter.com\/CongresoOaxaca_?ref_src=twsrc%5Etfw\">@CongresoOaxaca_<\/a> aprob\u00f3 un acuerdo para que se emita la convocatoria para el proceso de elecci\u00f3n del o la titular de la <a href=\"https:\/\/twitter.com\/DDHPO?ref_src=twsrc%5Etfw\">@DDHPO<\/a>. <a href=\"https:\/\/t.co\/WC3tPY2ner\">pic.twitter.com\/WC3tPY2ner<\/a><\/p>&mdash; Zona Roja Oaxaca (@ZonaRoja_Oaxaca) <a href=\"https:\/\/twitter.com\/ZonaRoja_Oaxaca\/status\/1628501010816851968?ref_src=twsrc%5Etfw\">22 de febrero de 2023<\/a><\/blockquote><\/div>\n<\/div><\/figure>\n\n\n\n<p>No contar con antecedentes de violencia y\/o discriminaci\u00f3n en el \u00e1mbito p\u00fablico o privado, no haber sido inhabilitada o inhabilitado en el desempe\u00f1o de la funci\u00f3n p\u00fablica; que no haya ocupado alg\u00fan puesto de elecci\u00f3n popular ni cargo directivo de partido pol\u00edtico al menos dos a\u00f1os anteriores al proceso de selecci\u00f3n, entre otros.<\/p>\n\n\n\n<p>Deber\u00e1n presentar y entregar los documentos personales del 8 al 10 de marzo del 2023 de 10:00 a 16:00 horas; despu\u00e9s la Comisi\u00f3n Permanente de Derechos Humanos elegir\u00e1 a quienes hayan cumplido con los requisitos y posteriormente realizar\u00e1 las comparecencias y entrevistas correspondientes.<\/p>\n\n\n\n<p>TAMBI\u00c9N EN AUDITOR\u00cdA<\/p>\n\n\n\n<p>Por otra parte, el Congreso del Estado de Oaxaca emiti\u00f3 tambi\u00e9n la convocatoria para la titularidad de la Auditor\u00eda Superior de Fiscalizaci\u00f3n del Estado de Oaxaca, antes \u00d3rgano Superior de Fiscalizaci\u00f3n del Estado de Oaxaca (OSFEO).<\/p>\n\n\n\n<p>El diputado presidente de la Junta de Coordinaci\u00f3n Pol\u00edtica de la 65 Legisatura, Luis Alfonso Silva Romo, confirm\u00f3 la publicaci\u00f3n de la convocatoria para la elecci\u00f3n del titular del \u00f3rgano, que depende del Legislativo.<\/p>\n\n\n\n<p>La Comisi\u00f3n Permanente de Vigilancia de la Auditor\u00eda Superior de Fiscalizaci\u00f3n &nbsp;del Estado de Oaxaca convoc\u00f3 a los y los profesionistas en Contodur\u00eda P\u00fablica, Derecho. Econom\u00eda, Administraci\u00f3n, Arquitectura y materias afines relacionados con las actividades de Fiscalizaci\u00f3n, Auditor\u00eda, Obra p\u00fablica y Rendici\u00f3n de Cuentas a participar en dicho proceso.<\/p>\n\n\n\n<p>Los aspirantes presentar\u00e1n su documentaci\u00f3n personal y la que se encuentra requerida en la convocatoria desde este 21 al 28 de febrero y 1 de marzo, posteriormente se presentar\u00e1 la lista de aspirantes elegidos para que despu\u00e9s asistan a las entrevistas y elegir una terna que ser\u00e1 presentada al Pleno de la LXV Legislatura en donde se designar\u00e1 al nuevo Auditor con las dos terceras partes del voto de los legisladores.<\/p>\n","protected":false},"excerpt":{"rendered":"<p>Redacci\u00f3n\/Zona Roja. Oaxaca de Ju\u00e1rez, Oax., a 23 de febrero de 2023.- El pleno del&hellip;<\/p>\n","protected":false},"author":2,"featured_media":52001,"comment_status":"closed","ping_status":"open","sticky":false,"template":"","format":"standard","meta":{"_lmt_disableupdate":"","_lmt_disable":"","_jetpack_memberships_contains_paid_content":false,"footnotes":""},"categories":[109,46],"tags":[2743],"class_list":["post-52000","post","type-post","status-publish","format-standard","has-post-thumbnail","hentry","category-minuto-a-minuto","category-zona-blanca","tag-65-legislatura-del-estado-de-oaxaca"],"jetpack_featured_media_url":"https:\/\/zonaroja.com.mx\/wp-content\/uploads\/2023\/02\/Sesion-Congreso-de-Oaxaca.jpg","jetpack_sharing_enabled":true,"_links":{"self":[{"href":"https:\/\/zonaroja.com.mx\/index.php?rest_route=\/wp\/v2\/posts\/52000","targetHints":{"allow":["GET"]}}],"collection":[{"href":"https:\/\/zonaroja.com.mx\/index.php?rest_route=\/wp\/v2\/posts"}],"about":[{"href":"https:\/\/zonaroja.com.mx\/index.php?rest_route=\/wp\/v2\/types\/post"}],"author":[{"embeddable":true,"href":"https:\/\/zonaroja.com.mx\/index.php?rest_route=\/wp\/v2\/users\/2"}],"replies":[{"embeddable":true,"href":"https:\/\/zonaroja.com.mx\/index.php?rest_route=%2Fwp%2Fv2%2Fcomments&post=52000"}],"version-history":[{"count":1,"href":"https:\/\/zonaroja.com.mx\/index.php?rest_route=\/wp\/v2\/posts\/52000\/revisions"}],"predecessor-version":[{"id":52002,"href":"https:\/\/zonaroja.com.mx\/index.php?rest_route=\/wp\/v2\/posts\/52000\/revisions\/52002"}],"wp:featuredmedia":[{"embeddable":true,"href":"https:\/\/zonaroja.com.mx\/index.php?rest_route=\/wp\/v2\/media\/52001"}],"wp:attachment":[{"href":"https:\/\/zonaroja.com.mx\/index.php?rest_route=%2Fwp%2Fv2%2Fmedia&parent=52000"}],"wp:term":[{"taxonomy":"category","embeddable":true,"href":"https:\/\/zonaroja.com.mx\/index.php?rest_route=%2Fwp%2Fv2%2Fcategories&post=52000"},{"taxonomy":"post_tag","embeddable":true,"href":"https:\/\/zonaroja.com.mx\/index.php?rest_route=%2Fwp%2Fv2%2Ftags&post=52000"}],"curies":[{"name":"wp","href":"https:\/\/api.w.org\/{rel}","templated":true}]}}