{"id":52006,"date":"2023-02-23T08:13:16","date_gmt":"2023-02-23T14:13:16","guid":{"rendered":"http:\/\/www.zonaroja.com.mx\/?p=52006"},"modified":"2023-02-23T08:13:20","modified_gmt":"2023-02-23T14:13:20","slug":"aprehende-fiscalia-a-presunto-feminicida-en-santa-maria-zacatepec","status":"publish","type":"post","link":"https:\/\/zonaroja.com.mx\/?p=52006","title":{"rendered":"Aprehende Fiscal\u00eda a presunto feminicida en Santa Mar\u00eda Zacatepec"},"content":{"rendered":"\n<p>Redacci\u00f3n\/Zona Roja.<\/p>\n\n\n\n<p>Oaxaca de Ju\u00e1rez, Oax., a 23 de febrero de 2023.- Personal de la Fiscal\u00eda General del Estado de Oaxaca detuvo a un individuo identificado como Manuel T. P., acusado de matar a una mujer en Santa Mar\u00eda Zacatepec, Putla.<\/p>\n\n\n\n<p>En un comunicado, inform\u00f3 que como resultado del trabajo de investigaci\u00f3n y atenci\u00f3n a casos de violencia de g\u00e9nero, se logr\u00f3 la aprehensi\u00f3n del individuo, por los hechos ocurridos el 5 de septiembre de 2021.<\/p>\n\n\n\n<p>El sujeto presuntamente desapareci\u00f3 primero a la mujer, identificada como Maribel R. H., y posteriormente la asesin\u00f3; el cuerpo fue hallado en el lecho de un r\u00edo.<\/p>\n\n\n\n<p>La Fiscal\u00eda inici\u00f3 una Carpeta de Investigaci\u00f3n por el delito de feminicidio, por lo que la Vicefiscal\u00eda Regional de la Costa se encarg\u00f3 de reunir las pruebas del caso que permitieron solicitar y posteriormente ejecutar la orden de aprehensi\u00f3n en contra de M. T. P., quien ser\u00e1 puesto a disposici\u00f3n del Juez de Control para resolver su situaci\u00f3n jur\u00eddica.<\/p>\n\n\n\n<p>\u201cEl rigor y priorizaci\u00f3n en las investigaciones en casos de feminicidio, es clave en los trabajos por delitos de g\u00e9nero que lleva a cabo la Fiscal\u00eda General del Estado de Oaxaca\u201d, detall\u00f3 en su comunicado.<\/p>\n","protected":false},"excerpt":{"rendered":"<p>Redacci\u00f3n\/Zona Roja. Oaxaca de Ju\u00e1rez, Oax., a 23 de febrero de 2023.- Personal de la&hellip;<\/p>\n","protected":false},"author":2,"featured_media":48872,"comment_status":"closed","ping_status":"open","sticky":false,"template":"","format":"standard","meta":{"_lmt_disableupdate":"","_lmt_disable":"","_jetpack_memberships_contains_paid_content":false,"footnotes":""},"categories":[109,46],"tags":[494],"class_list":["post-52006","post","type-post","status-publish","format-standard","has-post-thumbnail","hentry","category-minuto-a-minuto","category-zona-blanca","tag-fiscalia-general-del-estado-de-oaxaca"],"jetpack_featured_media_url":"https:\/\/zonaroja.com.mx\/wp-content\/uploads\/2022\/12\/Detenido-detencion-aprehension.jpg","jetpack_sharing_enabled":true,"_links":{"self":[{"href":"https:\/\/zonaroja.com.mx\/index.php?rest_route=\/wp\/v2\/posts\/52006","targetHints":{"allow":["GET"]}}],"collection":[{"href":"https:\/\/zonaroja.com.mx\/index.php?rest_route=\/wp\/v2\/posts"}],"about":[{"href":"https:\/\/zonaroja.com.mx\/index.php?rest_route=\/wp\/v2\/types\/post"}],"author":[{"embeddable":true,"href":"https:\/\/zonaroja.com.mx\/index.php?rest_route=\/wp\/v2\/users\/2"}],"replies":[{"embeddable":true,"href":"https:\/\/zonaroja.com.mx\/index.php?rest_route=%2Fwp%2Fv2%2Fcomments&post=52006"}],"version-history":[{"count":1,"href":"https:\/\/zonaroja.com.mx\/index.php?rest_route=\/wp\/v2\/posts\/52006\/revisions"}],"predecessor-version":[{"id":52007,"href":"https:\/\/zonaroja.com.mx\/index.php?rest_route=\/wp\/v2\/posts\/52006\/revisions\/52007"}],"wp:featuredmedia":[{"embeddable":true,"href":"https:\/\/zonaroja.com.mx\/index.php?rest_route=\/wp\/v2\/media\/48872"}],"wp:attachment":[{"href":"https:\/\/zonaroja.com.mx\/index.php?rest_route=%2Fwp%2Fv2%2Fmedia&parent=52006"}],"wp:term":[{"taxonomy":"category","embeddable":true,"href":"https:\/\/zonaroja.com.mx\/index.php?rest_route=%2Fwp%2Fv2%2Fcategories&post=52006"},{"taxonomy":"post_tag","embeddable":true,"href":"https:\/\/zonaroja.com.mx\/index.php?rest_route=%2Fwp%2Fv2%2Ftags&post=52006"}],"curies":[{"name":"wp","href":"https:\/\/api.w.org\/{rel}","templated":true}]}}