{"id":52013,"date":"2023-02-23T16:21:00","date_gmt":"2023-02-23T22:21:00","guid":{"rendered":"http:\/\/www.zonaroja.com.mx\/?p=52013"},"modified":"2023-02-23T19:57:38","modified_gmt":"2023-02-24T01:57:38","slug":"p2-7","status":"publish","type":"post","link":"https:\/\/zonaroja.com.mx\/?p=52013","title":{"rendered":"Exige Congreso de Oaxaca a Jara Cruz alto a  homicidios y violencia contra infancias"},"content":{"rendered":"\n<p>Yuridiana Sosa\/Zona Roja.<\/p>\n\n\n\n<p>Oaxaca de Ju\u00e1rez, Oax., a 23 de febrero de 2023.-&nbsp; Ante el asesinato de dos hermanos menores de edad, de nueve y siete a\u00f1os, en Juchit\u00e1n de Zaragoza, as\u00ed como de otros hechos violentos contra las infancias en Oaxaca, la 65 Legislatura Local demand\u00f3 al Gobierno de Estado a realizar acciones que garanticen la seguridad y paz de la ni\u00f1ez oaxaque\u00f1a y la no repetici\u00f3n de hechos.&nbsp;<\/p>\n\n\n\n<p>Durante la sesi\u00f3n ordinaria de ayer, misma que inici\u00f3 con un minuto de silencio por la tragedia, las fracciones parlamentarias de Morena, Partido Revolucionario Institucional, Partido Verde Ecologista de M\u00e9xico, Partido del Trabajo, Partido de la Revoluci\u00f3n Democr\u00e1tica, Partido Acci\u00f3n Nacional y Partido Unidad Popular se unieron para alzar la voz y exigir un cese a esos hechos.&nbsp;<\/p>\n\n\n\n<p>Los diputados presentaron un Punto de Acuerdo, de urgente y obvia resoluci\u00f3n, el cual fue aprobado con 25 votos a favor.&nbsp;<\/p>\n\n\n\n<p>La propuesta conjunta exhorta a los sistemas municipales de protecci\u00f3n integral de los derechos de ni\u00f1as, ni\u00f1os y adolescentes de Oaxaca, para que, en coordinaci\u00f3n con la Secretaria Ejecutiva del Sistema Local de Protecci\u00f3n Integral de los derechos de ni\u00f1as, ni\u00f1os y adolescentes, implementen los mecanismos y programas necesarios, para la prevenci\u00f3n de la violencia y para la protecci\u00f3n de los la ni\u00f1ez y los adolescentes.<\/p>\n\n\n\n<p>Pero, adem\u00e1s, las fracciones de Morena, PRD y PRI realizaron llamados puntuales a gobierno de Oaxaca que encabeza Salom\u00f3n Jara, para que dependencias como la Secretar\u00eda de Gobierno, la Secretar\u00eda de Seguridad y la Fiscal\u00eda General de Oaxaca tengan un mejor desempe\u00f1o en sus funciones ante el clima de violencia que prevalece y ya alcanz\u00f3 a las infancias.&nbsp;<\/p>\n\n\n\n<p>NI UN NI\u00d1O Y NI\u00d1A M\u00c1S<\/p>\n\n\n\n<p>En su participaci\u00f3n, la diputada del PRI, Mar\u00eda Luis Matus, cuestion\u00f3 sobre los hechos y la falta de aplicaci\u00f3n de las leyes que protegen a la ni\u00f1ez en la entidad para prevenir estos eventos.<\/p>\n\n\n\n<p>\u201c\u00bfQu\u00e9 hac\u00edan los menores de edad trabajando? Arriesgando su vida trabajando para subsistir, qu\u00e9 hac\u00edan en las fiestas en las noches si hablamos de nueve y siete a\u00f1os, cuando por mandato institucional es deber de los padres cubrir sus necesidades y velar por sus hijos\u201d.<\/p>\n\n\n\n<figure class=\"wp-block-embed is-type-rich is-provider-twitter wp-block-embed-twitter\"><div class=\"wp-block-embed__wrapper\">\n<div class=\"twitter-tweet\"><blockquote class=\"twitter-tweet\" data-lang=\"es\"><p lang=\"es\" dir=\"ltr\"><a href=\"https:\/\/twitter.com\/hashtag\/%C3%9AltimoMinuto?src=hash&amp;ref_src=twsrc%5Etfw\">#\u00daltimoMinuto<\/a><br>Ante recientes casos de asesinatos de menores de edad, con 23 votos el pleno del <a href=\"https:\/\/twitter.com\/CongresoOaxaca_?ref_src=twsrc%5Etfw\">@CongresoOaxaca_<\/a> aprob\u00f3 un Punto de Acuerdo de las fracciones a fin de exhortar a las autoridades estatales a impulsar acciones de prevenci\u00f3n de la violencia y protecci\u00f3n de la ni\u00f1ez. <a href=\"https:\/\/t.co\/EqeJt8DhFx\">pic.twitter.com\/EqeJt8DhFx<\/a><\/p>&mdash; Zona Roja Oaxaca (@ZonaRoja_Oaxaca) <a href=\"https:\/\/twitter.com\/ZonaRoja_Oaxaca\/status\/1628517459392077825?ref_src=twsrc%5Etfw\">22 de febrero de 2023<\/a><\/blockquote><\/div>\n<\/div><\/figure>\n\n\n\n<p>La legisladora critic\u00f3 que no se ha garantizado la aplicaci\u00f3n de la ley para ofrecer a la ni\u00f1ez, como fue en este caso, una vida digna e integral, desde lo emocional a sus derechos en educaci\u00f3n, salud, protecci\u00f3n, seguridad, entre otros aspectos indispensables para su pleno desarrollo.<\/p>\n\n\n\n<p>\u201cEste es un hecho que marca la historia de los oaxaque\u00f1os, hoy somos el primer lugar en feminicidios a nivel nacional y no queremos serlo en infanticidios, es necesario trabajar a favor de los derechos delos ni\u00f1os y ni\u00f1as\u2026los ni\u00f1os y las ni\u00f1as no se tocan\u201d, manifest\u00f3.&nbsp;<\/p>\n\n\n\n<p>Por su parte, en representaci\u00f3n del PRD, la diputada Ysabel Herrera Molina, puntualiz\u00f3 que la cruda realidad en Oaxaca es un reflejo de lo que tambi\u00e9n ocurre en el pa\u00eds, pues datos de la ONU indican que en 2022 en M\u00e9xico se mataron tres veces m\u00e1s ni\u00f1os que en Ucrania.<\/p>\n\n\n\n<p>Asegur\u00f3 que de acuerdo a la Fiscal\u00eda de Oaxaca se han iniciado 74 carpetas por homicidio doloso&nbsp;y 11 por feminicidios en enero, lo que habla de un alto n\u00famero, sin contar la cifra negra de denuncias.&nbsp;<\/p>\n\n\n\n<p>\u201cLa indignaci\u00f3n no sirve de nada si no se traduce en acciones concretas para que hechos como estos no se repitan. Se necesita la voluntad del gobierno, con enfoque multisectorial, Oaxaca tiene instituciones, personal y presupuesto, solo falta voluntad de los servidores p\u00fablicos\u201d sentenci\u00f3.<\/p>\n\n\n\n<p>Asegur\u00f3 que por ello hacen un llamado al gobernador, a los titulares de la Secretar\u00eda de Gobierno y de Seguridad P\u00fablica para que implementen las acciones necesarias que permitan la paz de los oaxaque\u00f1os.<\/p>\n\n\n\n<p>A la Fiscal\u00eda estatal, que llegue el esclarecimiento y aprehensi\u00f3n de los responsables; que la impunidad no quede por omisi\u00f3n de las autoridades.<\/p>\n\n\n\n<p>En contraparte, el diputado del Partido Verde, Samuel Gurri\u00f3n Mat\u00edas, trat\u00f3 de eximir la responsabilidad del Gobierno del Estado en los hechos y culp\u00f3 directamente a las autoridades municipales- emanadas de Morena y PT en los dos \u00faltimos periodos- por permitir la permanencia de esos ni\u00f1os en las calles de Juchit\u00e1n.&nbsp;<\/p>\n\n\n\n<p>\u201cA veces todos culpamos a las autoridades, queremos exhortar y culpar al gobierno, pero estos ni\u00f1os ten\u00edan mucho tiempo deambulando por Juchit\u00e1n, andaban en Palacio Municipal, en el parque, en las calles\u201d, apunt\u00f3 el diputado originario de ese municipio.<\/p>\n\n\n\n<p>Dijo que el DIF municipal los ve\u00eda, sab\u00edan de su trabajo y la autoridad de Juchit\u00e1n nunca hizo nada. Por lo que exhort\u00f3 a las autoridades del DIFs en Oaxaca a que implementen acciones efectivas para la ni\u00f1ez y que la Fiscal\u00eda de Oaxaca tambi\u00e9n se realicen investigaciones a los familiares de las victimas del doble asesinato por enviar a los menores a la calle para trabajar.&nbsp;<\/p>\n\n\n\n<p>Mientras que el diputado de Morena, Horacio Sosa Villavicencio, conden\u00f3 el crimen y exigi\u00f3 la no repetici\u00f3n de hechos, con responsabilidad y acciones de los tres niveles de gobierno.<\/p>\n\n\n\n<p>\u201cHoy no podemos cerrar los ojos, las autoridades municipales, estatales, deben hacer su trabajo, Los cabildos municipales que no ven la realidad de sus localidades\u201d, puntualiz\u00f3.&nbsp;<\/p>\n\n\n\n<p>Es la en\u00e9sima ocasi\u00f3n en lo que va de la administraci\u00f3n de Salom\u00f3n Jara que el Congreso de Oaxaca emite llamados al gobierno estatal por el grado de violencia en la entidad.&nbsp;<\/p>\n\n\n\n<p>OTROS CR\u00cdMENES<\/p>\n\n\n\n<p>En el transcurso de cuatro d\u00edas cuatro menores de edad fueron asesinados en Oaxaca, en diferentes hechos.&nbsp;<\/p>\n\n\n\n<p>Adem\u00e1s del ocurrido el 18 de febrero en Juchit\u00e1n, contra dos peque\u00f1os de siete y nueve a\u00f1os, un d\u00eda antes un adolescente de 13 a\u00f1os de edad, fue asesinado en San Francisco Telixtlahuaca, municipio del distrito de Etla al ser atacado por un hombre al parecer afectado de sus facultades mentales, mientras el ni\u00f1o pastaba a sus chivos.&nbsp;<\/p>\n\n\n\n<p>Mientras que la noche del lunes 20 de febrero, una adolescente de 17 a\u00f1os-junto con su hermana de 19 a\u00f1os- fue asesinada por su padre en un domicilio de la agencia de Santa Rosa Panzacola, ciudad de Oaxaca.&nbsp; Los cuerpos con diversas lesiones fueron localizados envueltos en s\u00e1banas en el interior de la casa la ma\u00f1ana del 21 de febrero.&nbsp;<\/p>\n","protected":false},"excerpt":{"rendered":"<p>Yuridiana Sosa\/Zona Roja. Oaxaca de Ju\u00e1rez, Oax., a 23 de febrero de 2023.-&nbsp; Ante el&hellip;<\/p>\n","protected":false},"author":2,"featured_media":50977,"comment_status":"closed","ping_status":"open","sticky":false,"template":"","format":"standard","meta":{"_lmt_disableupdate":"","_lmt_disable":"","_jetpack_memberships_contains_paid_content":false,"footnotes":""},"categories":[109,47],"tags":[],"class_list":["post-52013","post","type-post","status-publish","format-standard","has-post-thumbnail","hentry","category-minuto-a-minuto","category-zona-gris"],"jetpack_featured_media_url":"https:\/\/zonaroja.com.mx\/wp-content\/uploads\/2023\/01\/Sesion-Congreso-Oaxaca.jpeg","jetpack_sharing_enabled":true,"_links":{"self":[{"href":"https:\/\/zonaroja.com.mx\/index.php?rest_route=\/wp\/v2\/posts\/52013","targetHints":{"allow":["GET"]}}],"collection":[{"href":"https:\/\/zonaroja.com.mx\/index.php?rest_route=\/wp\/v2\/posts"}],"about":[{"href":"https:\/\/zonaroja.com.mx\/index.php?rest_route=\/wp\/v2\/types\/post"}],"author":[{"embeddable":true,"href":"https:\/\/zonaroja.com.mx\/index.php?rest_route=\/wp\/v2\/users\/2"}],"replies":[{"embeddable":true,"href":"https:\/\/zonaroja.com.mx\/index.php?rest_route=%2Fwp%2Fv2%2Fcomments&post=52013"}],"version-history":[{"count":3,"href":"https:\/\/zonaroja.com.mx\/index.php?rest_route=\/wp\/v2\/posts\/52013\/revisions"}],"predecessor-version":[{"id":52023,"href":"https:\/\/zonaroja.com.mx\/index.php?rest_route=\/wp\/v2\/posts\/52013\/revisions\/52023"}],"wp:featuredmedia":[{"embeddable":true,"href":"https:\/\/zonaroja.com.mx\/index.php?rest_route=\/wp\/v2\/media\/50977"}],"wp:attachment":[{"href":"https:\/\/zonaroja.com.mx\/index.php?rest_route=%2Fwp%2Fv2%2Fmedia&parent=52013"}],"wp:term":[{"taxonomy":"category","embeddable":true,"href":"https:\/\/zonaroja.com.mx\/index.php?rest_route=%2Fwp%2Fv2%2Fcategories&post=52013"},{"taxonomy":"post_tag","embeddable":true,"href":"https:\/\/zonaroja.com.mx\/index.php?rest_route=%2Fwp%2Fv2%2Ftags&post=52013"}],"curies":[{"name":"wp","href":"https:\/\/api.w.org\/{rel}","templated":true}]}}