{"id":52020,"date":"2023-02-23T19:40:43","date_gmt":"2023-02-24T01:40:43","guid":{"rendered":"http:\/\/www.zonaroja.com.mx\/?p=52020"},"modified":"2023-02-23T20:00:31","modified_gmt":"2023-02-24T02:00:31","slug":"sigue-violencia-politica-de-genero-en-ayuntamientos-de-oaxaca-ahora-en-ocotlan","status":"publish","type":"post","link":"https:\/\/zonaroja.com.mx\/?p=52020","title":{"rendered":"Sigue violencia pol\u00edtica de g\u00e9nero en ayuntamientos de Oaxaca, ahora en Ocotl\u00e1n"},"content":{"rendered":"\n<p>Yuridiana Sosa\/Zona Roja.<\/p>\n\n\n\n<p>Oaxaca de Ju\u00e1rez, Oax., a 23 de febrero de 2023.- Sin importar las leyes que protegen los derechos pol\u00edticos de las mujeres, la violencia pol\u00edtica por raz\u00f3n de g\u00e9nero sigue en los ayuntamientos de Oaxaca y el caso m\u00e1s reciente ocurri\u00f3 en Ocotl\u00e1n de Morelos.<\/p>\n\n\n\n<p>Regidoras y funcionarias del\u00a0ayuntamiento &#8211;que encabeza Luis Mart\u00ednez Aquino del Partido Verde Ecologista&#8211; denunciaron diversas violaciones a sus derechos por parte del edil y de la presidente del DIF municipal, Roc\u00edo Z\u00fa\u00f1iga Bonilla, por exigir esclarecimiento de los recursos p\u00fablicos.<\/p>\n\n\n\n<p>Desde no dejarlas ejercer su cargo, ser ignoradas, despido de su personal de confianza hasta hostigamiento, son parte de los actos que ejerce el presidente municipal en contra de un grupo de m\u00e1s de seis funcionarias.<\/p>\n\n\n\n<p>La s\u00edndica municipal, Karen Gaona Sumano, indic\u00f3 que desde el inicio de sus funciones en 2022, fueron violentadas en sus derechos, pero con el paso de los meses se intensificaron las violaciones ante la exigencia de transparencia en el uso de los recursos.<\/p>\n\n\n\n<p>A pesar de las m\u00faltiples peticiones por escrito para dar informe de estado financiero del ayuntamiento, el edil se ha negado y como represalia son ignoradas en la toma de decisiones, despedido a personal de confianza de las regidoras, as\u00ed como ha prohibido a los directores de las diversas \u00e1reas a no trabajar con las regidoras, o ser\u00e1n despedidos.<\/p>\n\n\n\n<p>Mientras que la presidenta del DIF, Roc\u00edo Z\u00fa\u00f1iga Bonilla se excede de sus atribuciones y toma decisiones que no son parte de sus funciones, as\u00ed como ejerce discriminaci\u00f3n hacia las regidoras, denunci\u00f3 la s\u00edndica.<\/p>\n\n\n\n<p>La violencia pol\u00edtica alcanz\u00f3 hasta al Instituto de la Mujer del Municipio de Ocotl\u00e1n, en donde por la falta de acciones del edil, como cabeza del cabildo, se cancel\u00f3 el pago de la titular y el de especialistas, lo cual afecta al funcionamiento del lugar.<\/p>\n\n\n\n<p>Por la posible malversaci\u00f3n de recursos, las afectadas no asistieron ni avalaron el primer informe de gobierno.<\/p>\n\n\n\n<p>Las regidoras presentaron una queja ante la Defensor\u00eda de los Derechos Humanos del Pueblo de Oaxaca, as\u00ed como les otorgaron medidas cautelares, no obstante, las funcionarias responsabilizan de cualquier acto en su contra, o de familiares y personal de confianza que las rodea al presidente municipal.<\/p>\n","protected":false},"excerpt":{"rendered":"<p>Yuridiana Sosa\/Zona Roja. Oaxaca de Ju\u00e1rez, Oax., a 23 de febrero de 2023.- Sin importar&hellip;<\/p>\n","protected":false},"author":2,"featured_media":52021,"comment_status":"closed","ping_status":"open","sticky":false,"template":"","format":"standard","meta":{"_lmt_disableupdate":"","_lmt_disable":"","_jetpack_memberships_contains_paid_content":false,"footnotes":""},"categories":[109,47],"tags":[835],"class_list":["post-52020","post","type-post","status-publish","format-standard","has-post-thumbnail","hentry","category-minuto-a-minuto","category-zona-gris","tag-ocotlan-de-morelos"],"jetpack_featured_media_url":"https:\/\/zonaroja.com.mx\/wp-content\/uploads\/2023\/02\/Protesta-Ocotlan-contra-presidenta.jpeg","jetpack_sharing_enabled":true,"_links":{"self":[{"href":"https:\/\/zonaroja.com.mx\/index.php?rest_route=\/wp\/v2\/posts\/52020","targetHints":{"allow":["GET"]}}],"collection":[{"href":"https:\/\/zonaroja.com.mx\/index.php?rest_route=\/wp\/v2\/posts"}],"about":[{"href":"https:\/\/zonaroja.com.mx\/index.php?rest_route=\/wp\/v2\/types\/post"}],"author":[{"embeddable":true,"href":"https:\/\/zonaroja.com.mx\/index.php?rest_route=\/wp\/v2\/users\/2"}],"replies":[{"embeddable":true,"href":"https:\/\/zonaroja.com.mx\/index.php?rest_route=%2Fwp%2Fv2%2Fcomments&post=52020"}],"version-history":[{"count":2,"href":"https:\/\/zonaroja.com.mx\/index.php?rest_route=\/wp\/v2\/posts\/52020\/revisions"}],"predecessor-version":[{"id":52024,"href":"https:\/\/zonaroja.com.mx\/index.php?rest_route=\/wp\/v2\/posts\/52020\/revisions\/52024"}],"wp:featuredmedia":[{"embeddable":true,"href":"https:\/\/zonaroja.com.mx\/index.php?rest_route=\/wp\/v2\/media\/52021"}],"wp:attachment":[{"href":"https:\/\/zonaroja.com.mx\/index.php?rest_route=%2Fwp%2Fv2%2Fmedia&parent=52020"}],"wp:term":[{"taxonomy":"category","embeddable":true,"href":"https:\/\/zonaroja.com.mx\/index.php?rest_route=%2Fwp%2Fv2%2Fcategories&post=52020"},{"taxonomy":"post_tag","embeddable":true,"href":"https:\/\/zonaroja.com.mx\/index.php?rest_route=%2Fwp%2Fv2%2Ftags&post=52020"}],"curies":[{"name":"wp","href":"https:\/\/api.w.org\/{rel}","templated":true}]}}