{"id":52025,"date":"2023-02-23T21:25:05","date_gmt":"2023-02-24T03:25:05","guid":{"rendered":"http:\/\/www.zonaroja.com.mx\/?p=52025"},"modified":"2023-02-23T21:25:08","modified_gmt":"2023-02-24T03:25:08","slug":"logra-fiscalia-que-se-vincule-a-sujeto-que-intento-quemar-con-solvente-a-su-ex-pareja","status":"publish","type":"post","link":"https:\/\/zonaroja.com.mx\/?p=52025","title":{"rendered":"Logra Fiscal\u00eda que se vincule a sujeto que intent\u00f3 quemar con solvente a su ex pareja"},"content":{"rendered":"\n<p>Redacci\u00f3n\/Zona Roja.<\/p>\n\n\n\n<p>Oaxaca de Ju\u00e1rez, Oax., a 23 de febrero de 2023.- El sujeto que intent\u00f3 quemar con un solvente qu\u00edmico a su ex pareja en el municipio de Ciudad Ixtepec, fue vinculado a proceso, confirm\u00f3 la Fiscal\u00eda General del Estado de Oaxaca.<\/p>\n\n\n\n<p>Se trata de Meaufael R. V., quien el pasado 14 de febrero, D\u00eda del Amor y la Amistad, acudi\u00f3 al mercado municipal donde labora su ex pareja identificada como Mar\u00eda T. S. y la agredi\u00f3.<\/p>\n\n\n\n<p>En un comunicado, la instituci\u00f3n que encabeza Bernardo Rodr\u00edguez Alamilla inform\u00f3 que, luego de la audiencia correspondiente, el Juez de Control del Poder Judicial que atiende el caso, determin\u00f3 vincular a proceso al individuo, adem\u00e1s que, como medida cautelar, impuso prisi\u00f3n preventiva para el imputado.<\/p>\n\n\n\n<p>La v\u00edctima narr\u00f3 que en diferentes ocasiones recibi\u00f3 agresiones, entre las cuales se encuentra que, una vez, le fue aventado cerca de su persona, un artefacto que conten\u00eda sustancias qu\u00edmicas indeterminadas que fueron sometidas a estudios periciales; adem\u00e1s que, en otra ocasi\u00f3n, el sujeto se present\u00f3 a su casa e intent\u00f3 agredirla con un objeto corto-contundente.<\/p>\n\n\n\n<p>Ante ello, la unidad de g\u00e9nero de la Vicefiscal\u00eda Regional del Istmo inici\u00f3 las investigaciones por el delito de feminicidio en grado de tentativa, logrando la vinculaci\u00f3n a proceso.&nbsp;&nbsp;<\/p>\n\n\n\n<p>As\u00ed tambi\u00e9n, se dio intervenci\u00f3n al Centro de Justicia para las Mujeres de esa regi\u00f3n, y a diferentes \u00e1reas para otorgar un esquema de atenci\u00f3n psicol\u00f3gica, m\u00e9dica y jur\u00eddica, a la v\u00edctima directa e indirectas, brindada por la Vicefiscal\u00eda para Atenci\u00f3n a V\u00edctimas y a la Sociedad.<\/p>\n\n\n\n<p>\u201cEn delitos de violencia de g\u00e9nero, la Fiscal\u00eda da atenci\u00f3n especializada, adem\u00e1s de brindar servicios integrales y multidisciplinarios para atender las diferentes necesidades particulares de las v\u00edctimas\u201d indic\u00f3 la instituci\u00f3n en su comunicado.<\/p>\n","protected":false},"excerpt":{"rendered":"<p>Redacci\u00f3n\/Zona Roja. Oaxaca de Ju\u00e1rez, Oax., a 23 de febrero de 2023.- El sujeto que&hellip;<\/p>\n","protected":false},"author":2,"featured_media":51757,"comment_status":"closed","ping_status":"open","sticky":false,"template":"","format":"standard","meta":{"_lmt_disableupdate":"","_lmt_disable":"","_jetpack_memberships_contains_paid_content":false,"footnotes":""},"categories":[109,46],"tags":[494],"class_list":["post-52025","post","type-post","status-publish","format-standard","has-post-thumbnail","hentry","category-minuto-a-minuto","category-zona-blanca","tag-fiscalia-general-del-estado-de-oaxaca"],"jetpack_featured_media_url":"https:\/\/zonaroja.com.mx\/wp-content\/uploads\/2023\/02\/Meufael-R.-V.-Ciudad-Ixtepec-tentativa-de-feminicidio.jpg","jetpack_sharing_enabled":true,"_links":{"self":[{"href":"https:\/\/zonaroja.com.mx\/index.php?rest_route=\/wp\/v2\/posts\/52025","targetHints":{"allow":["GET"]}}],"collection":[{"href":"https:\/\/zonaroja.com.mx\/index.php?rest_route=\/wp\/v2\/posts"}],"about":[{"href":"https:\/\/zonaroja.com.mx\/index.php?rest_route=\/wp\/v2\/types\/post"}],"author":[{"embeddable":true,"href":"https:\/\/zonaroja.com.mx\/index.php?rest_route=\/wp\/v2\/users\/2"}],"replies":[{"embeddable":true,"href":"https:\/\/zonaroja.com.mx\/index.php?rest_route=%2Fwp%2Fv2%2Fcomments&post=52025"}],"version-history":[{"count":1,"href":"https:\/\/zonaroja.com.mx\/index.php?rest_route=\/wp\/v2\/posts\/52025\/revisions"}],"predecessor-version":[{"id":52026,"href":"https:\/\/zonaroja.com.mx\/index.php?rest_route=\/wp\/v2\/posts\/52025\/revisions\/52026"}],"wp:featuredmedia":[{"embeddable":true,"href":"https:\/\/zonaroja.com.mx\/index.php?rest_route=\/wp\/v2\/media\/51757"}],"wp:attachment":[{"href":"https:\/\/zonaroja.com.mx\/index.php?rest_route=%2Fwp%2Fv2%2Fmedia&parent=52025"}],"wp:term":[{"taxonomy":"category","embeddable":true,"href":"https:\/\/zonaroja.com.mx\/index.php?rest_route=%2Fwp%2Fv2%2Fcategories&post=52025"},{"taxonomy":"post_tag","embeddable":true,"href":"https:\/\/zonaroja.com.mx\/index.php?rest_route=%2Fwp%2Fv2%2Ftags&post=52025"}],"curies":[{"name":"wp","href":"https:\/\/api.w.org\/{rel}","templated":true}]}}