{"id":52027,"date":"2023-02-24T11:30:00","date_gmt":"2023-02-24T17:30:00","guid":{"rendered":"http:\/\/www.zonaroja.com.mx\/?p=52027"},"modified":"2023-02-24T06:39:55","modified_gmt":"2023-02-24T12:39:55","slug":"el-dia-que-calderon-dijo-que-aceptaria-responsabilidad-si-hallaban-culpable-a-garcia-luna","status":"publish","type":"post","link":"https:\/\/zonaroja.com.mx\/?p=52027","title":{"rendered":"El d\u00eda que Calder\u00f3n dijo que aceptar\u00eda responsabilidad si hallaban culpable a Garc\u00eda Luna"},"content":{"rendered":"\n<p>Redacci\u00f3n\/Zona Roja Cdmx.<\/p>\n\n\n\n<p>Ciudad de M\u00e9xico, a 24 de febrero de 2023.- El expresidente Felipe Calder\u00f3n Hinojosa sigue en la mira p\u00fablica despu\u00e9s de que su exsecretario de Seguridad P\u00fablica, Genaro Garc\u00eda Luna fuera hallado culpable en la corte de Brooklyn de los cinco cargos relacionados con narcotr\u00e1fico y conspiraci\u00f3n con grupos criminales.<\/p>\n\n\n\n<p>Raz\u00f3n por la que diferentes sectores y miembros de la pol\u00edtica han se\u00f1alado que quien sigue en ser juzgado ser\u00eda el expresidente al ser se\u00f1alado como una persona que actu\u00f3 en complicidad con su exfuncionario o bien fue omiso, por lo que lo han acusado de ser incompente.<\/p>\n\n\n\n<p>Sin embargo, estas acusaciones han sido negadas por el exmandatario panista que horas despu\u00e9s de que se diera la resoluci\u00f3n public\u00f3 un comunicado en el que neg\u00f3 haber pactado durante su sexenio con alg\u00fan grupo criminal. Pero lo que caus\u00f3 a\u00fan m\u00e1s pol\u00e9mica al defender su estrategia de seguridad y se autonombr\u00f3 como el presidente que m\u00e1s acciones realiz\u00f3 contra el narcotr\u00e1fico.<\/p>\n\n\n\n<p>Ante estos hechos, en redes sociales, ha comenzado a circular un video en el que Calder\u00f3n Hinojosa dijo que de ser encontrado culpable Garc\u00eda Luna, este reconocer\u00eda su parte de su responsabilidad al haberlo nombrado como parte de su gabinete y titular de la Secretar\u00eda de Seguridad P\u00fablica.<\/p>\n\n\n\n<p>FALTA DE CONFIANZA<\/p>\n\n\n\n<p>Fue en entrevista con el comunicador Carlos Loret de Mola a trav\u00e9s de su medio LatinUs el 25 de junio del 2020. En ella se entrevist\u00f3 al presidente tras la publicaci\u00f3n de su libro \u201cDecisiones dif\u00edciles\u201d y en el que se cuestion\u00f3 si la seguridad en su administraci\u00f3n se pon\u00eda en duda por la detenci\u00f3n de Garc\u00eda Luna. A lo que, grosso modo, reiter\u00f3 que Garc\u00eda Luna no era el \u00fanico responsable de la seguridad.<\/p>\n\n\n\n<p>Y ante la pregunta del periodista sobre si habr\u00eda una disculpa p\u00fablica, el exmandatario panista asegur\u00f3 que de encontrarse culpable, asumir\u00eda su parte de responsabilidad.<\/p>\n\n\n\n<p>\u201cVamos a ver, yo no quisiera especular y adem\u00e1s a mi me parece muy importante, no solo el tema de la presunci\u00f3n de inocencia, lo que s\u00ed es cierto y describo ah\u00ed en el libro de \u2018Decisiones dif\u00edciles\u2019 es que si es condenado por las cosas que se le acusa por supuesto que yo lo considero una verdadera traici\u00f3n a la lealtad y ah\u00ed asumir\u00e9 mi parte de responsabilidad de haberlo nombrado\u201d.<\/p>\n\n\n\n<p>En su libro, publicado en mayo del 2020, en el cap\u00edtulo 11 Seguridad, la tarea inconclusa, el apartado sobre la detenci\u00f3n de Garc\u00eda Luna, asegura que de encontrarse culpable, se habr\u00eda cometido una falta de confianza hacia la sociedad y sus compa\u00f1eros dentro de la Secretar\u00eda de Seguridad P\u00fablica.<\/p>\n\n\n\n<p>\u201cSi llegara a demostrarse su culpabilidad, y se probaran los hechos de los que se le acusa, \u00e9sta ser\u00eda una grav\u00edsima falta a la confianza despositada en \u00e9l por la sociedad, y en especial por sus propios compa\u00f1eros de la Secretar\u00eda de Seguridad P\u00fablica y de otras dependencias que arriesgaron e incluso perdieron la vida en la lucha por la seguridad de los mexicanos\u201d, redact\u00f3.<\/p>\n\n\n\n<p>Sin embargo, en el libro tambi\u00e9n reiter\u00f3 que la estrategia de seguridad no depend\u00eda de una persona, sino de la informaci\u00f3n que se obten\u00eda de diferentes fuentes. Por lo que defendi\u00f3 su administraci\u00f3n en la cual \u201ccombati\u00f3 con determinaci\u00f3n a la delincuencia organizada en el pa\u00eds con la acci\u00f3n conjunta de todas las dependencias integradas en el gabinete de seguridad\u201d.<\/p>\n\n\n\n<p>Por otro lado, en la conferencia matutina del 22 de febrero, el presidente Andr\u00e9s Manuel L\u00f3pez Obrador (AMLO) desacredit\u00f3 el comunicado publicado por Calder\u00f3n Hinojosa y llam\u00f3 a Garc\u00eda Luna a colaborar con la ley para que aceptara declarar como testigo y abundar en el presunto involucramiento de los ex presidentes del Partido Acci\u00f3n Nacional (PAN): Calder\u00f3n y Vicente Fox, pues en su sexenio trabaj\u00f3 en la Agencia Federal de Investigaci\u00f3n (AFI).<\/p>\n\n\n\n<p>(Informaci\u00f3n de Infobae M\u00e9xico)<\/p>\n\n\n\n<figure class=\"wp-block-embed is-type-rich is-provider-twitter wp-block-embed-twitter\"><div class=\"wp-block-embed__wrapper\">\n<div class=\"twitter-tweet\"><blockquote class=\"twitter-tweet\" data-lang=\"es\"><p lang=\"es\" dir=\"ltr\">En 2020 <a href=\"https:\/\/twitter.com\/FelipeCalderon?ref_src=twsrc%5Etfw\">@FelipeCalderon<\/a> le dijo a Loret que si Garcia Luna era condenado asumir\u00eda su responsabilidad. Hasta ahora no hay m\u00e1s que auto justificaci\u00f3n, s\u00f3lo nos ha pedido que no nos distraigamos. Es un mentiroso sistem\u00e1tico. <a href=\"https:\/\/t.co\/w6JOWOMCSI\">pic.twitter.com\/w6JOWOMCSI<\/a><\/p>&mdash; Sebasti\u00e1n Ram\u00edrez Mendoza (@Sebas_RM) <a href=\"https:\/\/twitter.com\/Sebas_RM\/status\/1628441404128079874?ref_src=twsrc%5Etfw\">22 de febrero de 2023<\/a><\/blockquote><\/div>\n<\/div><\/figure>\n","protected":false},"excerpt":{"rendered":"<p>Redacci\u00f3n\/Zona Roja Cdmx. Ciudad de M\u00e9xico, a 24 de febrero de 2023.- El expresidente Felipe&hellip;<\/p>\n","protected":false},"author":2,"featured_media":52028,"comment_status":"closed","ping_status":"open","sticky":false,"template":"","format":"standard","meta":{"_lmt_disableupdate":"","_lmt_disable":"","_jetpack_memberships_contains_paid_content":false,"footnotes":""},"categories":[109,47],"tags":[1123],"class_list":["post-52027","post","type-post","status-publish","format-standard","has-post-thumbnail","hentry","category-minuto-a-minuto","category-zona-gris","tag-genaro-garcia-luna"],"jetpack_featured_media_url":"https:\/\/zonaroja.com.mx\/wp-content\/uploads\/2023\/02\/Felipe-Calderon-y-Genaro-Garcia-Luna.webp","jetpack_sharing_enabled":true,"_links":{"self":[{"href":"https:\/\/zonaroja.com.mx\/index.php?rest_route=\/wp\/v2\/posts\/52027","targetHints":{"allow":["GET"]}}],"collection":[{"href":"https:\/\/zonaroja.com.mx\/index.php?rest_route=\/wp\/v2\/posts"}],"about":[{"href":"https:\/\/zonaroja.com.mx\/index.php?rest_route=\/wp\/v2\/types\/post"}],"author":[{"embeddable":true,"href":"https:\/\/zonaroja.com.mx\/index.php?rest_route=\/wp\/v2\/users\/2"}],"replies":[{"embeddable":true,"href":"https:\/\/zonaroja.com.mx\/index.php?rest_route=%2Fwp%2Fv2%2Fcomments&post=52027"}],"version-history":[{"count":1,"href":"https:\/\/zonaroja.com.mx\/index.php?rest_route=\/wp\/v2\/posts\/52027\/revisions"}],"predecessor-version":[{"id":52029,"href":"https:\/\/zonaroja.com.mx\/index.php?rest_route=\/wp\/v2\/posts\/52027\/revisions\/52029"}],"wp:featuredmedia":[{"embeddable":true,"href":"https:\/\/zonaroja.com.mx\/index.php?rest_route=\/wp\/v2\/media\/52028"}],"wp:attachment":[{"href":"https:\/\/zonaroja.com.mx\/index.php?rest_route=%2Fwp%2Fv2%2Fmedia&parent=52027"}],"wp:term":[{"taxonomy":"category","embeddable":true,"href":"https:\/\/zonaroja.com.mx\/index.php?rest_route=%2Fwp%2Fv2%2Fcategories&post=52027"},{"taxonomy":"post_tag","embeddable":true,"href":"https:\/\/zonaroja.com.mx\/index.php?rest_route=%2Fwp%2Fv2%2Ftags&post=52027"}],"curies":[{"name":"wp","href":"https:\/\/api.w.org\/{rel}","templated":true}]}}