{"id":52034,"date":"2023-02-24T07:09:36","date_gmt":"2023-02-24T13:09:36","guid":{"rendered":"http:\/\/www.zonaroja.com.mx\/?p=52034"},"modified":"2023-02-24T07:09:39","modified_gmt":"2023-02-24T13:09:39","slug":"exigen-en-el-congreso-castigo-para-exfuncionarios-por-dano-millonario-al-erario","status":"publish","type":"post","link":"https:\/\/zonaroja.com.mx\/?p=52034","title":{"rendered":"Exigen en el Congreso castigo para exfuncionarios por da\u00f1o millonario al erario"},"content":{"rendered":"\n<p>Redacci\u00f3n\/Zona Roja.<\/p>\n\n\n\n<p>Oaxaca de Ju\u00e1rez, Oax., a 24 de febrero de 2023.- Desde el Congreso de Oaxaca, el grupo parlamentario de Morena exigi\u00f3 castigo para los exfuncionarios de la administraci\u00f3n del exgobernador Alejandro Murat Hinojosa, por corrupci\u00f3n en el manejo de los recursos federales.&nbsp;<\/p>\n\n\n\n<p>\u00abHacemos un llamado a las autoridades fiscalizadoras y en materia de procuraci\u00f3n e impartici\u00f3n de justicia, para que en el \u00e1mbito de su respectiva competencia se sancione a los servidores p\u00fablicos que hayan cometido irregularidades por el monto de un mil 169 millones de pesos en detrimento de la hacienda p\u00fablica federal, y de ser procedente, se consiga el resarcimiento de los da\u00f1os causados\u00bb, demand\u00f3 la diputada Liz Hern\u00e1ndez Matus, en representaci\u00f3n de las y los diputados morenistas.<\/p>\n\n\n\n<p>Lo anterior, luego de que la Auditor\u00eda Superior de la Federaci\u00f3n (ASF) detect\u00f3 irregularidades de Oaxaca en la Cuenta P\u00fablica 2021 por un monto de un mil 169 millones de pesos, correspondiente al quinto a\u00f1o de la administraci\u00f3n del entonces gobernador Alejandro Murat Hinojosa.&nbsp;<\/p>\n\n\n\n<p>\u00abLa ASF determin\u00f3 que el gobierno de Alejandro Murat Hinojosa caus\u00f3 da\u00f1os a la hacienda p\u00fablica federal, y que involucra a los Servicios de Salud de Oaxaca, la Universidad Aut\u00f3noma \u00abBenito Ju\u00e1rez\u00bb, el Poder Judicial y diversos municipios\u00bb, se\u00f1al\u00f3.&nbsp;<\/p>\n\n\n\n<p>\u00abAsimismo se detalla el incumplimiento reiterado de la Ley de Coordinaci\u00f3n Fiscal y la existencia de diversas anomal\u00edas en el manejo y ejecuci\u00f3n de subsidios a cargo de organismos descentralizados de car\u00e1cter estatal\u00bb, detall\u00f3.&nbsp;<\/p>\n\n\n\n<p>Por estas anomal\u00edas, Oaxaca se ubica dentro de los 12 estados del pa\u00eds con mayores irregularidades en el manejo de los recursos federales.&nbsp;<\/p>\n\n\n\n<p>\u00abEn Oaxaca no debe prevalecer a\u00fan m\u00e1s la impunidad ante los abusos cometidos al amparo del servicio p\u00fablico y de las instituciones\u00bb, declar\u00f3 Liz Matus.&nbsp;<\/p>\n\n\n\n<p>De las auditor\u00edas practicadas, la ASF inform\u00f3 que derivaron 48 pliegos de observaciones, 23 recomendaciones, cinco promociones del ejercicio de la facultad de comprobaci\u00f3n fiscal, tres solicitudes de aclaraci\u00f3n y 39 promociones de responsabilidad administrativa sancionadora.&nbsp;<\/p>\n\n\n\n<p>\u00abEsta circunstancia pone en evidencia al r\u00e9gimen que hizo permisible la corrupci\u00f3n y la opacidad, y cuyos abusos y excesos agudizaron la pobreza y la marginaci\u00f3n que padece hoy Oaxaca, pero tambi\u00e9n exhibe la ineficacia del Sistema Estatal de Combate a la Corrupci\u00f3n, de los \u00f3rganos internos de control municipal, y sobre todo, la inoperancia de la Fiscal\u00eda Especializada en Materia de Combate a la Corrupci\u00f3n\u00bb, se\u00f1al\u00f3 la diputada.<\/p>\n","protected":false},"excerpt":{"rendered":"<p>Redacci\u00f3n\/Zona Roja. Oaxaca de Ju\u00e1rez, Oax., a 24 de febrero de 2023.- Desde el Congreso&hellip;<\/p>\n","protected":false},"author":2,"featured_media":48071,"comment_status":"closed","ping_status":"open","sticky":false,"template":"","format":"standard","meta":{"_lmt_disableupdate":"","_lmt_disable":"","_jetpack_memberships_contains_paid_content":false,"footnotes":""},"categories":[109,46],"tags":[2743],"class_list":["post-52034","post","type-post","status-publish","format-standard","has-post-thumbnail","hentry","category-minuto-a-minuto","category-zona-blanca","tag-65-legislatura-del-estado-de-oaxaca"],"jetpack_featured_media_url":"https:\/\/zonaroja.com.mx\/wp-content\/uploads\/2022\/11\/Sede-del-Congreso-Oaxaca-diputados.jpg","jetpack_sharing_enabled":true,"_links":{"self":[{"href":"https:\/\/zonaroja.com.mx\/index.php?rest_route=\/wp\/v2\/posts\/52034","targetHints":{"allow":["GET"]}}],"collection":[{"href":"https:\/\/zonaroja.com.mx\/index.php?rest_route=\/wp\/v2\/posts"}],"about":[{"href":"https:\/\/zonaroja.com.mx\/index.php?rest_route=\/wp\/v2\/types\/post"}],"author":[{"embeddable":true,"href":"https:\/\/zonaroja.com.mx\/index.php?rest_route=\/wp\/v2\/users\/2"}],"replies":[{"embeddable":true,"href":"https:\/\/zonaroja.com.mx\/index.php?rest_route=%2Fwp%2Fv2%2Fcomments&post=52034"}],"version-history":[{"count":1,"href":"https:\/\/zonaroja.com.mx\/index.php?rest_route=\/wp\/v2\/posts\/52034\/revisions"}],"predecessor-version":[{"id":52035,"href":"https:\/\/zonaroja.com.mx\/index.php?rest_route=\/wp\/v2\/posts\/52034\/revisions\/52035"}],"wp:featuredmedia":[{"embeddable":true,"href":"https:\/\/zonaroja.com.mx\/index.php?rest_route=\/wp\/v2\/media\/48071"}],"wp:attachment":[{"href":"https:\/\/zonaroja.com.mx\/index.php?rest_route=%2Fwp%2Fv2%2Fmedia&parent=52034"}],"wp:term":[{"taxonomy":"category","embeddable":true,"href":"https:\/\/zonaroja.com.mx\/index.php?rest_route=%2Fwp%2Fv2%2Fcategories&post=52034"},{"taxonomy":"post_tag","embeddable":true,"href":"https:\/\/zonaroja.com.mx\/index.php?rest_route=%2Fwp%2Fv2%2Ftags&post=52034"}],"curies":[{"name":"wp","href":"https:\/\/api.w.org\/{rel}","templated":true}]}}