{"id":52040,"date":"2023-02-24T08:16:04","date_gmt":"2023-02-24T14:16:04","guid":{"rendered":"http:\/\/www.zonaroja.com.mx\/?p=52040"},"modified":"2023-02-24T08:16:05","modified_gmt":"2023-02-24T14:16:05","slug":"otra-vez-la-ministra-yasmin-esquivel-plagio-tambien-su-tesis-de-doctorado","status":"publish","type":"post","link":"https:\/\/zonaroja.com.mx\/?p=52040","title":{"rendered":"\u00a1Otra vez! La Ministra Yasm\u00edn Esquivel plagi\u00f3 tambi\u00e9n su tesis de doctorado"},"content":{"rendered":"\n<p>Redacci\u00f3n\/Zona Roja Cdmx.<\/p>\n\n\n\n<p>Ciudad de M\u00e9xico, a 24 de febrero de 2023.- El diario espa\u00f1ol \u201cEl Pa\u00eds\u201d da a conocer hoy que la Ministra Yasm\u00edn Esquivel Mossa \u201cplagi\u00f3 la tesis con la que obtuvo en 2009 el grado de doctora en Derecho por la Universidad An\u00e1huac\u201d.&nbsp;<\/p>\n\n\n\n<p>De comprobarse el hecho, ser\u00eda el segundo plagio de la juzgadora de la Suprema Corte de Justicia de la Naci\u00f3n (SCJN), pues con anterioridad se descubri\u00f3 que se habr\u00eda robado enormes tramos de otra tesis para su licenciatura por la Universidad Nacional Aut\u00f3noma de M\u00e9xico (UNAM).<\/p>\n\n\n\n<p>La tesis de licenciatura de Esquivel, de 1987, es analizada por la UNAM. Pero ya advirti\u00f3 que es \u201ccopia sustancial\u201d del trabajo que otro alumno present\u00f3 un a\u00f1o antes.<\/p>\n\n\n\n<p>\u201c\u2018El Pa\u00eds\u2019 ha comprobado que 209 de las 456 p\u00e1ginas de su tesis \u2018Los derechos fundamentales en el sistema jur\u00eddico mexicano y su defensa\u2019 se corresponden con trabajos publicados antes por otros 12 autores, entre los que hay un exrector de la Universidad Nacional Aut\u00f3noma de M\u00e9xico (UNAM); un exministro espa\u00f1ol de Cultura y un expresidente del Tribunal Supremo de Espa\u00f1a; un expresidente de la Corte Interamericana de Derechos Humanos (CIDH), as\u00ed como juristas mexicanos, italianos, espa\u00f1oles y alemanes\u201d, afirma el trabajo de los periodistas Zedryk Raciel y Beatriz Guill\u00e9n.<\/p>\n\n\n\n<p>\u201cDos de esos autores han confirmado el plagio a este peri\u00f3dico. Dos acad\u00e9micos mexicanos, que revisaron las pruebas a ciegas, sin saber que se correspond\u00edan con un trabajo de la Ministra, tambi\u00e9n han considerado que se trata de un plagio\u201d, dice el diario.&nbsp;<\/p>\n\n\n\n<p>M\u00e1s adelante agrega: \u201cTras ser consultada insistentemente por este medio, la Ministra no respondi\u00f3 a las preguntas de este peri\u00f3dico antes de la publicaci\u00f3n de este reportaje. El director del trabajo, Jos\u00e9 Antonio N\u00fa\u00f1ez, ha declinado hacer comentarios\u201d, dice.<\/p>\n\n\n\n<p>El diario consult\u00f3 a Jos\u00e9 Manuel Rodr\u00edguez Uribes, Ministro de Cultura y Deporte del Gobierno de Espa\u00f1a de 2020 a 2021 y hoy embajador ante la UNESCO. Confirma que su texto \u201cRousseau y los derechos humanos\u201d, de 1998, fue plagiado por la Ministra mexicana. Es una \u201cmonumental obra de siete tomos escrita en conjunto con otros autores que tambi\u00e9n fueron plagiados\u201d, dice el diario. \u201cEn el caso de mi cap\u00edtulo, lo he reconocido inmediatamente, es una reproducci\u00f3n textual, literal, de p\u00e1ginas y p\u00e1ginas. Ella no pone comillas, por lo tanto es un plagio de libro, lo que ha hecho es un corta y pega. Es evidente que lo que ha hecho es copiar directamente. Lo he visto enseguida. No es una cuesti\u00f3n sutil. Lo ha hecho de una manera muy burda.<\/p>\n\n\n\n<p>Aqu\u00ed en enlace del trabajo completo del sitio \u201cSin Embargo\u201d:<\/p>\n\n\n\n<figure class=\"wp-block-embed is-type-wp-embed is-provider-sinembargo-mx wp-block-embed-sinembargo-mx\"><div class=\"wp-block-embed__wrapper\">\n<blockquote class=\"wp-embedded-content\" data-secret=\"3nCwe4k9GJ\"><a href=\"https:\/\/www.sinembargo.mx\/24-02-2023\/4327678\">La Ministra Yasm\u00edn Esquivel plagi\u00f3 tambi\u00e9n su tesis de doctorado, dice El Pa\u00eds<\/a><\/blockquote><iframe class=\"wp-embedded-content\" sandbox=\"allow-scripts\" security=\"restricted\" style=\"position: absolute; clip: rect(1px, 1px, 1px, 1px);\" title=\"\u00abLa Ministra Yasm\u00edn Esquivel plagi\u00f3 tambi\u00e9n su tesis de doctorado, dice &lt;i&gt;El Pa\u00eds&lt;\/i&gt;\u00bb \u2014 SinEmbargo MX\" src=\"https:\/\/www.sinembargo.mx\/24-02-2023\/4327678\/embed#?secret=3nCwe4k9GJ\" data-secret=\"3nCwe4k9GJ\" width=\"600\" height=\"338\" frameborder=\"0\" marginwidth=\"0\" marginheight=\"0\" scrolling=\"no\"><\/iframe>\n<\/div><\/figure>\n","protected":false},"excerpt":{"rendered":"<p>Redacci\u00f3n\/Zona Roja Cdmx. Ciudad de M\u00e9xico, a 24 de febrero de 2023.- El diario espa\u00f1ol&hellip;<\/p>\n","protected":false},"author":2,"featured_media":52041,"comment_status":"closed","ping_status":"open","sticky":false,"template":"","format":"standard","meta":{"_lmt_disableupdate":"","_lmt_disable":"","_jetpack_memberships_contains_paid_content":false,"footnotes":""},"categories":[109,47],"tags":[3361],"class_list":["post-52040","post","type-post","status-publish","format-standard","has-post-thumbnail","hentry","category-minuto-a-minuto","category-zona-gris","tag-yasmin-esquivel-mossa"],"jetpack_featured_media_url":"https:\/\/zonaroja.com.mx\/wp-content\/uploads\/2023\/02\/Ministra-Yasmin-Esquivel.jpeg","jetpack_sharing_enabled":true,"_links":{"self":[{"href":"https:\/\/zonaroja.com.mx\/index.php?rest_route=\/wp\/v2\/posts\/52040","targetHints":{"allow":["GET"]}}],"collection":[{"href":"https:\/\/zonaroja.com.mx\/index.php?rest_route=\/wp\/v2\/posts"}],"about":[{"href":"https:\/\/zonaroja.com.mx\/index.php?rest_route=\/wp\/v2\/types\/post"}],"author":[{"embeddable":true,"href":"https:\/\/zonaroja.com.mx\/index.php?rest_route=\/wp\/v2\/users\/2"}],"replies":[{"embeddable":true,"href":"https:\/\/zonaroja.com.mx\/index.php?rest_route=%2Fwp%2Fv2%2Fcomments&post=52040"}],"version-history":[{"count":1,"href":"https:\/\/zonaroja.com.mx\/index.php?rest_route=\/wp\/v2\/posts\/52040\/revisions"}],"predecessor-version":[{"id":52042,"href":"https:\/\/zonaroja.com.mx\/index.php?rest_route=\/wp\/v2\/posts\/52040\/revisions\/52042"}],"wp:featuredmedia":[{"embeddable":true,"href":"https:\/\/zonaroja.com.mx\/index.php?rest_route=\/wp\/v2\/media\/52041"}],"wp:attachment":[{"href":"https:\/\/zonaroja.com.mx\/index.php?rest_route=%2Fwp%2Fv2%2Fmedia&parent=52040"}],"wp:term":[{"taxonomy":"category","embeddable":true,"href":"https:\/\/zonaroja.com.mx\/index.php?rest_route=%2Fwp%2Fv2%2Fcategories&post=52040"},{"taxonomy":"post_tag","embeddable":true,"href":"https:\/\/zonaroja.com.mx\/index.php?rest_route=%2Fwp%2Fv2%2Ftags&post=52040"}],"curies":[{"name":"wp","href":"https:\/\/api.w.org\/{rel}","templated":true}]}}