{"id":52043,"date":"2023-02-24T12:16:00","date_gmt":"2023-02-24T18:16:00","guid":{"rendered":"http:\/\/www.zonaroja.com.mx\/?p=52043"},"modified":"2023-02-24T14:19:02","modified_gmt":"2023-02-24T20:19:02","slug":"p1-10","status":"publish","type":"post","link":"https:\/\/zonaroja.com.mx\/?p=52043","title":{"rendered":"Se unen normalistas y egresados y ponen en jaque al gobierno de Jara"},"content":{"rendered":"\n<p>Yuridiana Sosa\/Zona Roja.<\/p>\n\n\n\n<p>Oaxaca de Ju\u00e1rez, Oax., a 24 de febrero de 2023.- Sin ning\u00fan control ni consecuencia, los estudiantes de las 11 normales de Oaxaca y egresados se unieron para realizar una jornada de protesta este viernes, a fin de exigir m\u00e1s de 800 plazas directas y soluci\u00f3n a las necesidades de sus planteles. <\/p>\n\n\n\n<p>Los normalistas comenzaron con la \u201ctoma\u201d de autobuses en el Centro Hist\u00f3rico de la ciudad pese que minutos antes integrantes de la Coordinadora Estudiantil Normalista de Oaxaca (CENEO) fueron recibidos en Palacio de Gobierno para la entrega-recepci\u00f3n de su pliego de demandas 2023.<\/p>\n\n\n\n<p>Cubiertos del rostro y hasta con bidones de gasolina los estudiantes y egresados \u2014estos \u00faltimos que suman casi tres semanas de movilizaciones, que incluye un plant\u00f3n en la calle de Armenta y L\u00f3pez a una cuadra del Palacio de Gobierno\u2014 se organizaron con la retenci\u00f3n de unas nueve unidades del transporte p\u00fablico urbano para ocuparlos en sus actividades de protesta. <\/p>\n\n\n\n<p>MOVILIZACI\u00d3N<\/p>\n\n\n\n<p>La jornada de&nbsp;este viernes&nbsp;inici\u00f3 con una marcha de los estudiantes de las 11 normales, integradas en la CENEO, como parte de la cobertura de la entrega de su pliego de peticiones 2023.<\/p>\n\n\n\n<p>Se movilizaron de inmediaciones del monumento a la Madre, sobre la Calzada Madero, al z\u00f3calo de la capital, sin que se registraran incidencias.&nbsp;<\/p>\n\n\n\n<p>Tras un mitin en el z\u00f3calo de la capital una comisi\u00f3n de 11 estudiantes fue recibida por funcionarios del gobierno del estado, pero en la que no estuvo el gobernador, quien se encontraba en un evento con motivo del D\u00eda de la Bandera.&nbsp;<\/p>\n\n\n\n<p>Entre las principales exigencias del pliego se encuentra contar con la matr\u00edcula docente completa para el primer a\u00f1o, reducci\u00f3n de cuotas escolares y material did\u00e1ctico completo para las pr\u00e1cticas docentes de estudiantes de cuarto a\u00f1o.&nbsp;<\/p>\n\n\n\n<p>Los estudiantes apuntaron que no se dejar\u00e1n enga\u00f1ar por el supuesto \u201cgobierno de cambio\u201d, por lo que no cesar\u00e1n en la exigencia para el cumplimiento de su pliego de peticiones.<\/p>\n\n\n\n<p>Luego de la entrega del documento los estudiantes junto con egresados se organizaron para una nueva etapa de su protesta, de la que durante los primeros minutos se desconoci\u00f3 el destino de las unidades urbanas.<\/p>\n\n\n\n<p>Sin embargo, entre sus estrategias comunes se encuentra el bloqueo de calles con dichos camiones o el \u201csecuestro\u201d de las mismas en las instalaciones del CENEO, en San Felipe de Agua.<\/p>\n\n\n\n<p>En otras ocasiones han recurrido a actos vand\u00e1licos, como la quema de llantas en la v\u00eda p\u00fablica para llamar la atenci\u00f3n a su movimiento.<\/p>\n\n\n\n<p>Tras la \u201ctoma\u201d de autobuses, los normalistas se dirigieron a la caseta de peaje de Huitzo, en la supercarretera Oaxaca-Cuacnopalan, donde cobran sus propias cuotas. <\/p>\n","protected":false},"excerpt":{"rendered":"<p>Yuridiana Sosa\/Zona Roja. Oaxaca de Ju\u00e1rez, Oax., a 24 de febrero de 2023.- Sin ning\u00fan&hellip;<\/p>\n","protected":false},"author":2,"featured_media":52047,"comment_status":"closed","ping_status":"open","sticky":false,"template":"","format":"standard","meta":{"_lmt_disableupdate":"","_lmt_disable":"","_jetpack_memberships_contains_paid_content":false,"footnotes":""},"categories":[109,47],"tags":[],"class_list":["post-52043","post","type-post","status-publish","format-standard","has-post-thumbnail","hentry","category-minuto-a-minuto","category-zona-gris"],"jetpack_featured_media_url":"https:\/\/zonaroja.com.mx\/wp-content\/uploads\/2023\/02\/741d91b1-9372-428b-8533-4316067e33d1.jpg","jetpack_sharing_enabled":true,"_links":{"self":[{"href":"https:\/\/zonaroja.com.mx\/index.php?rest_route=\/wp\/v2\/posts\/52043","targetHints":{"allow":["GET"]}}],"collection":[{"href":"https:\/\/zonaroja.com.mx\/index.php?rest_route=\/wp\/v2\/posts"}],"about":[{"href":"https:\/\/zonaroja.com.mx\/index.php?rest_route=\/wp\/v2\/types\/post"}],"author":[{"embeddable":true,"href":"https:\/\/zonaroja.com.mx\/index.php?rest_route=\/wp\/v2\/users\/2"}],"replies":[{"embeddable":true,"href":"https:\/\/zonaroja.com.mx\/index.php?rest_route=%2Fwp%2Fv2%2Fcomments&post=52043"}],"version-history":[{"count":2,"href":"https:\/\/zonaroja.com.mx\/index.php?rest_route=\/wp\/v2\/posts\/52043\/revisions"}],"predecessor-version":[{"id":52048,"href":"https:\/\/zonaroja.com.mx\/index.php?rest_route=\/wp\/v2\/posts\/52043\/revisions\/52048"}],"wp:featuredmedia":[{"embeddable":true,"href":"https:\/\/zonaroja.com.mx\/index.php?rest_route=\/wp\/v2\/media\/52047"}],"wp:attachment":[{"href":"https:\/\/zonaroja.com.mx\/index.php?rest_route=%2Fwp%2Fv2%2Fmedia&parent=52043"}],"wp:term":[{"taxonomy":"category","embeddable":true,"href":"https:\/\/zonaroja.com.mx\/index.php?rest_route=%2Fwp%2Fv2%2Fcategories&post=52043"},{"taxonomy":"post_tag","embeddable":true,"href":"https:\/\/zonaroja.com.mx\/index.php?rest_route=%2Fwp%2Fv2%2Ftags&post=52043"}],"curies":[{"name":"wp","href":"https:\/\/api.w.org\/{rel}","templated":true}]}}