{"id":5205,"date":"2019-10-28T09:52:59","date_gmt":"2019-10-28T15:52:59","guid":{"rendered":"http:\/\/www.zonaroja.com.mx\/?p=5205"},"modified":"2019-10-27T20:57:44","modified_gmt":"2019-10-28T02:57:44","slug":"salman-rushdie-hablo-sobre-migracion-en-la-39-filo-que-culmino-ayer","status":"publish","type":"post","link":"https:\/\/zonaroja.com.mx\/?p=5205","title":{"rendered":"Salman Rushdie habl\u00f3 sobre migraci\u00f3n en la 39 FILO, que culmin\u00f3 ayer"},"content":{"rendered":"\n<p>Redacci\u00f3n\/Zona Roja.<\/p>\n\n\n\n<p>Oaxaca de Ju\u00e1rez, Oax., 28 de octubre\nde 2019.- A la par de la entrega del Premio Internacional de Literatura \u201cAura\nEstrada\u201d, cada a\u00f1o en la Feria Internacional del Libro de Oaxaca (FILO), se\nlleva a cabo la C\u00e1tedra \u201cAura Estrada\u201d.<\/p>\n\n\n\n<p>Se trata de una conferencia magistral\nen la cual autores internacionales comparten con el p\u00fablico su acercamiento a\nla literatura. <\/p>\n\n\n\n<p>En esta edici\u00f3n 39 de la FILO estuvo a\ncargo del escritor de origen hind\u00fa Salman Rushdie, quien fue entrevistado por\nla periodista mexicana Gabriela Warketin.<\/p>\n\n\n\n<p>La charla inici\u00f3 en torno a la migraci\u00f3n, tema sobre el cual Rushdie, quien ha migrado entre la India, Reino Unido y Estados Unidos, aport\u00f3 que \u201ces por la desigualdad y la violencia que la gente migra\u201d. <\/p>\n\n\n\n<figure class=\"wp-block-embed-twitter wp-block-embed is-type-rich is-provider-twitter\"><div class=\"wp-block-embed__wrapper\">\n<div class=\"twitter-tweet\"><blockquote class=\"twitter-tweet\" data-lang=\"es\"><p lang=\"es\" dir=\"ltr\">\u201cLa desesperacion es un lujo. No hay tiempo para eso, tenemos que arreglar las cosas.\u201d <br><br>&#8211;<a href=\"https:\/\/twitter.com\/SalmanRushdie?ref_src=twsrc%5Etfw\">@SalmanRushdie<\/a> <a href=\"https:\/\/twitter.com\/hashtag\/39FILO?src=hash&amp;ref_src=twsrc%5Etfw\">#39FILO<\/a> <a href=\"https:\/\/t.co\/o4slbGkPh9\">pic.twitter.com\/o4slbGkPh9<\/a><\/p>&mdash; FIL Oaxaca (@FILOaxaca) <a href=\"https:\/\/twitter.com\/FILOaxaca\/status\/1188608398004240384?ref_src=twsrc%5Etfw\">28 de octubre de 2019<\/a><\/blockquote><\/div>\n<\/div><\/figure>\n\n\n\n<p>Apunt\u00f3 que \u201cla gente vive asustada de\nlas diferencias, entonces es f\u00e1cil caer en los prejuicios\u201d, y es por eso que\nmuchas veces los migrantes son violentados en los lugares a donde llegan.<\/p>\n\n\n\n<p>\u201cComo novelista me gusta mostrar lo que\nla migraci\u00f3n trae a la cultura. Sin ella, sin esa pluralidad es imposible la\nexistencia de las grandes ciudades. La migraci\u00f3n, la diversidad no es algo que\ntemer, es algo para disfrutarse\u201d, dijo el autor.<\/p>\n\n\n\n<p>Sobre esto mismo y espec\u00edficamente\nsobre Estados Unidos, consider\u00f3 que \u201cla literatura en Norteam\u00e9rica est\u00e1\ndominada por migrantes. Si vemos quienes son los autores m\u00e1s interesantes de\nEstados Unidos, muy pocos son blancos. Los migrantes enriquecen no s\u00f3lo la\nhistoria sino la forma de contarla. El resultado es el enriquecimiento.<\/p>\n\n\n\n<p>\u201cSiempre habr\u00e1 actitudes conservadoras, hay que cambiar la cultura para que eso regrese debajo de la alfombra, a donde pertenece\u201d, dijo sobre el rechazo y miedo a la diversidad. \u201cEl mundo est\u00e1 cambiando r\u00e1pidamente y las viejas formas est\u00e1n colapsando\u201d.<\/p>\n\n\n\n<figure class=\"wp-block-embed-twitter wp-block-embed is-type-rich is-provider-twitter\"><div class=\"wp-block-embed__wrapper\">\n<div class=\"twitter-tweet\"><blockquote class=\"twitter-tweet\" data-lang=\"es\"><p lang=\"es\" dir=\"ltr\">\u201cHay cosas que suceden el mundo, protestas demandando un cambio. <br><br>El mundo que hemos conocido va a cambiar.\u201d <br><br>&#8211;<a href=\"https:\/\/twitter.com\/SalmanRushdie?ref_src=twsrc%5Etfw\">@SalmanRushdie<\/a> <a href=\"https:\/\/twitter.com\/hashtag\/39FILO?src=hash&amp;ref_src=twsrc%5Etfw\">#39FILO<\/a> <a href=\"https:\/\/t.co\/bl7Zxkyl1a\">pic.twitter.com\/bl7Zxkyl1a<\/a><\/p>&mdash; FIL Oaxaca (@FILOaxaca) <a href=\"https:\/\/twitter.com\/FILOaxaca\/status\/1188607379816046593?ref_src=twsrc%5Etfw\">28 de octubre de 2019<\/a><\/blockquote><\/div>\n<\/div><\/figure>\n\n\n\n<p>Acerca del papel de los autores y la\nnecesidad de cambiar el lenguaje para adaptarlo refiri\u00f3: \u201csiempre necesitamos\nnuevo idioma que diga las historias de su tiempo, con toda la verdad que se\npueda. Hay muchos escritores tratando de responder a la realidad que tenemos en\nfrente\u201d.<\/p>\n\n\n\n<p>Al ser cuestionado sobre el Premio\nN\u00f3bel y la legitimaci\u00f3n que otorga a quienes lo reciben, expres\u00f3: \u201cno me\nimporta el N\u00f3bel, me importa que no se glorifique a quien no merece ser\nglorificado. El escritor debe ser juzgado por todo su trabajo, y la divisi\u00f3n\nvida-obra aqu\u00ed no aplica\u201d.<\/p>\n\n\n\n<p>En la c\u00e1tedra Aura Estrada han\nparticipado autores de renombre internacional como Paul Auster, Siri Hustvedt,\nJon Lee Anderson, Richard Ford, Leila Guerriero y Valeria Luiselli. <\/p>\n\n\n\n<p>Salman Rushdie es escritor y ensayista\nbrit\u00e1nico de origen indio. Es uno de los autores m\u00e1s vendidos en lengua inglesa\ny su estilo ha sido comparado con el realismo m\u00e1gico latinoamericano. Es autor\nde 13 novelas, entre ellas \u201cMidnight&#8217;s Children\u201d, que recibi\u00f3 el Premio Booker\nen 1981.<\/p>\n","protected":false},"excerpt":{"rendered":"<p>Redacci\u00f3n\/Zona Roja. Oaxaca de Ju\u00e1rez, Oax., 28 de octubre de 2019.- A la par de&hellip;<\/p>\n","protected":false},"author":2,"featured_media":5206,"comment_status":"closed","ping_status":"open","sticky":false,"template":"","format":"standard","meta":{"_lmt_disableupdate":"","_lmt_disable":"","_jetpack_memberships_contains_paid_content":false,"footnotes":""},"categories":[109,46],"tags":[850,928],"class_list":["post-5205","post","type-post","status-publish","format-standard","has-post-thumbnail","hentry","category-minuto-a-minuto","category-zona-blanca","tag-feria-internacional-del-libro-oaxaca-filo","tag-salman-rushdie"],"jetpack_featured_media_url":"https:\/\/zonaroja.com.mx\/wp-content\/uploads\/2019\/10\/Salman.jpg","jetpack_sharing_enabled":true,"_links":{"self":[{"href":"https:\/\/zonaroja.com.mx\/index.php?rest_route=\/wp\/v2\/posts\/5205","targetHints":{"allow":["GET"]}}],"collection":[{"href":"https:\/\/zonaroja.com.mx\/index.php?rest_route=\/wp\/v2\/posts"}],"about":[{"href":"https:\/\/zonaroja.com.mx\/index.php?rest_route=\/wp\/v2\/types\/post"}],"author":[{"embeddable":true,"href":"https:\/\/zonaroja.com.mx\/index.php?rest_route=\/wp\/v2\/users\/2"}],"replies":[{"embeddable":true,"href":"https:\/\/zonaroja.com.mx\/index.php?rest_route=%2Fwp%2Fv2%2Fcomments&post=5205"}],"version-history":[{"count":1,"href":"https:\/\/zonaroja.com.mx\/index.php?rest_route=\/wp\/v2\/posts\/5205\/revisions"}],"predecessor-version":[{"id":5207,"href":"https:\/\/zonaroja.com.mx\/index.php?rest_route=\/wp\/v2\/posts\/5205\/revisions\/5207"}],"wp:featuredmedia":[{"embeddable":true,"href":"https:\/\/zonaroja.com.mx\/index.php?rest_route=\/wp\/v2\/media\/5206"}],"wp:attachment":[{"href":"https:\/\/zonaroja.com.mx\/index.php?rest_route=%2Fwp%2Fv2%2Fmedia&parent=5205"}],"wp:term":[{"taxonomy":"category","embeddable":true,"href":"https:\/\/zonaroja.com.mx\/index.php?rest_route=%2Fwp%2Fv2%2Fcategories&post=5205"},{"taxonomy":"post_tag","embeddable":true,"href":"https:\/\/zonaroja.com.mx\/index.php?rest_route=%2Fwp%2Fv2%2Ftags&post=5205"}],"curies":[{"name":"wp","href":"https:\/\/api.w.org\/{rel}","templated":true}]}}