{"id":52052,"date":"2023-02-24T18:17:52","date_gmt":"2023-02-25T00:17:52","guid":{"rendered":"http:\/\/www.zonaroja.com.mx\/?p=52052"},"modified":"2023-02-24T18:17:54","modified_gmt":"2023-02-25T00:17:54","slug":"denuncian-convocatoria-de-gobierno-excluyente-para-presidir-comision-de-victimas","status":"publish","type":"post","link":"https:\/\/zonaroja.com.mx\/?p=52052","title":{"rendered":"Denuncian convocatoria de gobierno excluyente para presidir Comisi\u00f3n de V\u00edctimas"},"content":{"rendered":"\n<p>Yuridiana Sosa\/Zona Roja.<\/p>\n\n\n\n<p>Oaxaca de Ju\u00e1rez, Oax., a 24 de febrero de 2023.- Con tiempo limitado para la entrega de documentos, en los que se incluye contar con t\u00edtulo profesional, el gobierno de Salom\u00f3n Jara Cruz incurre en pr\u00e1cticas de exclusi\u00f3n para que defensores de derechos humanos por trayectoria y v\u00edctimas accedan a presidir la Comisi\u00f3n Ejecutiva Estatal de Atenci\u00f3n Integral a V\u00edctimas.<\/p>\n\n\n\n<p>As\u00ed lo denunci\u00f3 el representante de la Liga Mexicana de Derechos Humanos (Limedh) en Oaxaca, Isaac Torres Carmona, quien se\u00f1al\u00f3 s\u00f3lo una simulaci\u00f3n del gobierno estatal para la selecci\u00f3n del titular de ese organismo, al que recurrir\u00e1n al \u201cpago de cuotas\u201d pol\u00edticas para la elegir al responsable, como en gobiernos anteriores.<\/p>\n\n\n\n<p>El defensor de derechos humanos resalt\u00f3 que entre los requisitos principales se pide t\u00edtulo profesional, lo que imposibilita a quienes han sido defensores a lo largo de su vida en distintas jornadas de lucha por los derechos humanos y de las propias v\u00edctimas que tambi\u00e9n han acumulado experiencia en la materia.<\/p>\n\n\n\n<p>Adem\u00e1s, la convocatoria se lanz\u00f3 a dos d\u00edas antes de cerrar, lo que imposibilit\u00f3 a que los defensores que cuentan con un t\u00edtulo profesional pudieran postularse.<\/p>\n\n\n\n<p>De acuerdo a la p\u00e1gina web del Gobierno del Estado y a su la p\u00e1gina oficial de Facebook, la convocatoria se public\u00f3 el 15 de febrero y estar\u00eda vigente hasta el 17 del mismo mes.<\/p>\n\n\n\n<p>La publicaci\u00f3n informa que el proceso de selecci\u00f3n es que \u201cposterior a la entrega de documentos, la Secretar\u00eda de Gobierno y la Coordinaci\u00f3n para la Atenci\u00f3n de los Derechos Humanos del Gobierno del Estado, de manera conjunta analizar\u00e1 y revisar\u00e1 el cumplimiento de los requisitos de elegibilidad, una vez formado el expediente de cada persona aspirante.<\/p>\n\n\n\n<p>\u201cDespu\u00e9s, se notificar\u00e1 a las personas elegibles el formato y la fecha en la que deber\u00e1n presentarse para llevar a cabo la entrevista, las cuales se realizar\u00e1n del 22 al 24 del mes y a\u00f1o que transcurre. Concluidas las entrevistas de aspirantes, y en un plazo de tres d\u00edas h\u00e1biles, ambas dependencias elaborar\u00e1n el documento que contenga la terna de las personas mejor evaluadas y lo someter\u00e1 a consulta de las colectivas, colectivos de v\u00edctimas, personas expertas y organizaciones de la sociedad civil especializadas en atenci\u00f3n, asesor\u00eda y\/o acompa\u00f1amiento a v\u00edctimas de delitos o de violaciones de los derechos, que hayan participado en las entrevistas.<\/p>\n\n\n\n<figure class=\"wp-block-embed is-type-rich is-provider-twitter wp-block-embed-twitter\"><div class=\"wp-block-embed__wrapper\">\n<div class=\"twitter-tweet\"><blockquote class=\"twitter-tweet\" data-lang=\"es\"><p lang=\"es\" dir=\"ltr\"><a href=\"https:\/\/twitter.com\/hashtag\/ENVIVO?src=hash&amp;ref_src=twsrc%5Etfw\">#ENVIVO<\/a><br>Integrantes de la Asamblea Permanente de V\u00edctimas Sobrevivientes de Sucesos Pol\u00edticos de <a href=\"https:\/\/twitter.com\/hashtag\/Oaxaca?src=hash&amp;ref_src=twsrc%5Etfw\">#Oaxaca<\/a> del 2006-2007, protestan en juzgados federales.<br>Acusan contubernio con el mandatario <a href=\"https:\/\/twitter.com\/salomonj?ref_src=twsrc%5Etfw\">@salomonj<\/a> para no cumplir sentencia. <br>Critican proceso de elecci\u00f3n del Comit\u00e9 de V\u00edctimas. <a href=\"https:\/\/t.co\/gojNJb5m3y\">pic.twitter.com\/gojNJb5m3y<\/a><\/p>&mdash; Zona Roja Oaxaca (@ZonaRoja_Oaxaca) <a href=\"https:\/\/twitter.com\/ZonaRoja_Oaxaca\/status\/1629185982863114240?ref_src=twsrc%5Etfw\">24 de febrero de 2023<\/a><\/blockquote><\/div>\n<\/div><\/figure>\n\n\n\n<p>\u201cConsultada la terna y en un plazo no mayor a dos d\u00edas h\u00e1biles, se enviar\u00e1 al Titular del Poder Ejecutivo quien, en un plazo no mayor a cinco d\u00edas h\u00e1biles, enviar\u00e1 la terna al Congreso del Estado para la elecci\u00f3n de la persona titular de la Comisi\u00f3n Ejecutiva Estatal de Atenci\u00f3n Integral a V\u00edctimas\u201d.<\/p>\n\n\n\n<p>PROTESTA<\/p>\n\n\n\n<p>Ante la ausencia de justicia por el incumplimiento del gobierno del Estado a una sentencia federal, integrantes de la Asamblea Permanente de V\u00edctimas Sobrevivientes de los Sucesos Pol\u00edticos de Oaxaca del 2006-2007, protestaron en los juzgados federales en la capital del estado.<\/p>\n\n\n\n<p>Decenas de afectados arribaron a las oficinas del Poder Judicial sobre la avenida Ju\u00e1rez, frente al Parque Ju\u00e1rez \u201cEl Llano\u201d, para solicitar un encuentro con el magistrado Marco Antonio Guzm\u00e1n Gonz\u00e1lez, pero les cerraron las puertas, lo que motiv\u00f3 al bloqueo de la calle.<\/p>\n\n\n\n<p>El abogado de los afectados, Isaac Torres Carmona, se\u00f1al\u00f3 que el gobernador Salom\u00f3n Jara, como su antecesor, no quiere cumplir con la sentencia de amparo 35\/2019 que ganaron desde hace m\u00e1s de a\u00f1o y medio.<\/p>\n\n\n\n<p>Mencion\u00f3 que es una resoluci\u00f3n importante porque sienta un precedente sobre los derechos de v\u00edctimas, por lo que exigen al magistrado que haga cumplir al Poder Ejecutivo con el mandato judicial.&nbsp;<\/p>\n","protected":false},"excerpt":{"rendered":"<p>Yuridiana Sosa\/Zona Roja. Oaxaca de Ju\u00e1rez, Oax., a 24 de febrero de 2023.- Con tiempo&hellip;<\/p>\n","protected":false},"author":2,"featured_media":52053,"comment_status":"closed","ping_status":"open","sticky":false,"template":"","format":"standard","meta":{"_lmt_disableupdate":"","_lmt_disable":"","_jetpack_memberships_contains_paid_content":false,"footnotes":""},"categories":[109,47],"tags":[],"class_list":["post-52052","post","type-post","status-publish","format-standard","has-post-thumbnail","hentry","category-minuto-a-minuto","category-zona-gris"],"jetpack_featured_media_url":"https:\/\/zonaroja.com.mx\/wp-content\/uploads\/2023\/02\/Protesta-activistas-2006-Limeddh.jpg","jetpack_sharing_enabled":true,"_links":{"self":[{"href":"https:\/\/zonaroja.com.mx\/index.php?rest_route=\/wp\/v2\/posts\/52052","targetHints":{"allow":["GET"]}}],"collection":[{"href":"https:\/\/zonaroja.com.mx\/index.php?rest_route=\/wp\/v2\/posts"}],"about":[{"href":"https:\/\/zonaroja.com.mx\/index.php?rest_route=\/wp\/v2\/types\/post"}],"author":[{"embeddable":true,"href":"https:\/\/zonaroja.com.mx\/index.php?rest_route=\/wp\/v2\/users\/2"}],"replies":[{"embeddable":true,"href":"https:\/\/zonaroja.com.mx\/index.php?rest_route=%2Fwp%2Fv2%2Fcomments&post=52052"}],"version-history":[{"count":1,"href":"https:\/\/zonaroja.com.mx\/index.php?rest_route=\/wp\/v2\/posts\/52052\/revisions"}],"predecessor-version":[{"id":52054,"href":"https:\/\/zonaroja.com.mx\/index.php?rest_route=\/wp\/v2\/posts\/52052\/revisions\/52054"}],"wp:featuredmedia":[{"embeddable":true,"href":"https:\/\/zonaroja.com.mx\/index.php?rest_route=\/wp\/v2\/media\/52053"}],"wp:attachment":[{"href":"https:\/\/zonaroja.com.mx\/index.php?rest_route=%2Fwp%2Fv2%2Fmedia&parent=52052"}],"wp:term":[{"taxonomy":"category","embeddable":true,"href":"https:\/\/zonaroja.com.mx\/index.php?rest_route=%2Fwp%2Fv2%2Fcategories&post=52052"},{"taxonomy":"post_tag","embeddable":true,"href":"https:\/\/zonaroja.com.mx\/index.php?rest_route=%2Fwp%2Fv2%2Ftags&post=52052"}],"curies":[{"name":"wp","href":"https:\/\/api.w.org\/{rel}","templated":true}]}}