{"id":52063,"date":"2023-02-25T08:00:00","date_gmt":"2023-02-25T14:00:00","guid":{"rendered":"http:\/\/www.zonaroja.com.mx\/?p=52063"},"modified":"2023-02-25T06:43:28","modified_gmt":"2023-02-25T12:43:28","slug":"localizan-dos-cadaveres-tras-explosion-en-pemex-veracruz-hay-3-desaparecidos","status":"publish","type":"post","link":"https:\/\/zonaroja.com.mx\/?p=52063","title":{"rendered":"Localizan dos cad\u00e1veres tras explosi\u00f3n en Pemex Veracruz; hay 3 desaparecidos"},"content":{"rendered":"\n<p>Redacci\u00f3n\/Zona Roja Cdmx.<\/p>\n\n\n\n<p>Ciudad de M\u00e9xico, a 25 de febrero de 2023.- La empresa Petr\u00f3leos Mexicanos (Pemex) confirm\u00f3 que dos trabajadores murieron tras la explosi\u00f3n del jueves en las instalaciones de Tuzand\u00e9petl en el municipio de Ixhuatl\u00e1n del Sureste, al sur de Veracruz.&nbsp;<\/p>\n\n\n\n<p>En un comunicado, indic\u00f3 que durante las actividades de b\u00fasqueda del personal desaparecido fueron encontrados dos cuerpos los cuales est\u00e1n siendo revisados por el Servicio M\u00e9dico Forense, previa autorizaci\u00f3n del Ministerio P\u00fablico Federal.<\/p>\n\n\n\n<p>A\u00f1adi\u00f3 que contin\u00faan las tareas para localizar a los tres trabajadores faltantes. Los dos trabajadores que permanecen hospitalizados se encuentran estables y son atendidos en el Hospital de Pemex.&nbsp;<\/p>\n\n\n\n<p>\u201cPemex lamenta las p\u00e9rdidas humanas, as\u00ed como las lesiones que afectaron la salud de los trabajadores, y reitera su compromiso con sus familiares. Se contin\u00faan realizando las acciones para determinar las causas que provocaron el fuego en el equipo de perforaci\u00f3n y se iniciar\u00e1 la limpieza del lugar\u201d, se lee en el documento.&nbsp;<\/p>\n\n\n\n<p>Uno de los fallecidos es Carlos Ascenci\u00f3n Morales, as\u00ed lo confirmaron familiares y amigos de la v\u00edctima en publicaciones que circulan en redes sociales.&nbsp;<\/p>\n\n\n\n<p>\u201cGracias a todos por el apoyo a mi madre y a mi hermano, lamentos informales de manera oficial el sensible fallecimiento de Carlos Ascenci\u00f3n Morales acaecido en la explosi\u00f3n de Tuzand\u00e9petl\u201d, es parte de uno de los mensajes.&nbsp;<\/p>\n\n\n\n<p>La explosi\u00f3n se registr\u00f3 por razones a\u00fan desconocidas a las 15:40 horas en la cavidad Tuzand\u00e9petl-331, propag\u00e1ndose el fuego en el equipo de perforaci\u00f3n PM-119. Esto como parte del proyecto de rehabilitaci\u00f3n de cavidades de la Planta de Almacenamiento Estrat\u00e9gico Tuzand\u00e9petl.<\/p>\n\n\n\n<p>De manera precautoria, se realiz\u00f3 la evacuaci\u00f3n de las instalaciones de la Universidad de Ixhuatl\u00e1n del Sureste y se despleg\u00f3 un operativo para resguardar la zona, con la finalidad de evitar m\u00e1s incidentes.<\/p>\n\n\n\n<p>Grandes columnas de humo negro se observaron a varios kil\u00f3metros de distancia, lo que alarm\u00f3 a las poblaciones cercanas que, seg\u00fan las autoridades municipales y estatales, estaban fuera de peligro.&nbsp;<\/p>\n\n\n\n<p>Antes de las nueve de la noche de ayer, Petr\u00f3leos Mexicanos emiti\u00f3 un comunicado para informar que hab\u00eda mitigado el incendio que inici\u00f3 en el equipo de perforaci\u00f3n por razones a\u00fan no determinadas, por lo que, de inmediato se activ\u00f3 el grupo de atenci\u00f3n y manejo de emergencias para el control y extinci\u00f3n del fuego.<\/p>\n\n\n\n<p>Destac\u00f3 que, debido a este evento, se ten\u00edan tres trabajadores lesionados que son atendidos en el Hospital de Pemex y que se realizan actividades exhaustivas para ubicar a cinco trabajadores m\u00e1s.&nbsp;<\/p>\n\n\n\n<p>(Informaci\u00f3n de \u201cEl Heraldo de M\u00e9xico\u201d)<\/p>\n","protected":false},"excerpt":{"rendered":"<p>Redacci\u00f3n\/Zona Roja Cdmx. Ciudad de M\u00e9xico, a 25 de febrero de 2023.- La empresa Petr\u00f3leos&hellip;<\/p>\n","protected":false},"author":2,"featured_media":52064,"comment_status":"closed","ping_status":"open","sticky":false,"template":"","format":"standard","meta":{"_lmt_disableupdate":"","_lmt_disable":"","_jetpack_memberships_contains_paid_content":false,"footnotes":""},"categories":[109,47],"tags":[874],"class_list":["post-52063","post","type-post","status-publish","format-standard","has-post-thumbnail","hentry","category-minuto-a-minuto","category-zona-gris","tag-petroleos-mexicanos-pemex"],"jetpack_featured_media_url":"https:\/\/zonaroja.com.mx\/wp-content\/uploads\/2023\/02\/Explosion-Pemex-Veracruz.webp","jetpack_sharing_enabled":true,"_links":{"self":[{"href":"https:\/\/zonaroja.com.mx\/index.php?rest_route=\/wp\/v2\/posts\/52063","targetHints":{"allow":["GET"]}}],"collection":[{"href":"https:\/\/zonaroja.com.mx\/index.php?rest_route=\/wp\/v2\/posts"}],"about":[{"href":"https:\/\/zonaroja.com.mx\/index.php?rest_route=\/wp\/v2\/types\/post"}],"author":[{"embeddable":true,"href":"https:\/\/zonaroja.com.mx\/index.php?rest_route=\/wp\/v2\/users\/2"}],"replies":[{"embeddable":true,"href":"https:\/\/zonaroja.com.mx\/index.php?rest_route=%2Fwp%2Fv2%2Fcomments&post=52063"}],"version-history":[{"count":1,"href":"https:\/\/zonaroja.com.mx\/index.php?rest_route=\/wp\/v2\/posts\/52063\/revisions"}],"predecessor-version":[{"id":52065,"href":"https:\/\/zonaroja.com.mx\/index.php?rest_route=\/wp\/v2\/posts\/52063\/revisions\/52065"}],"wp:featuredmedia":[{"embeddable":true,"href":"https:\/\/zonaroja.com.mx\/index.php?rest_route=\/wp\/v2\/media\/52064"}],"wp:attachment":[{"href":"https:\/\/zonaroja.com.mx\/index.php?rest_route=%2Fwp%2Fv2%2Fmedia&parent=52063"}],"wp:term":[{"taxonomy":"category","embeddable":true,"href":"https:\/\/zonaroja.com.mx\/index.php?rest_route=%2Fwp%2Fv2%2Fcategories&post=52063"},{"taxonomy":"post_tag","embeddable":true,"href":"https:\/\/zonaroja.com.mx\/index.php?rest_route=%2Fwp%2Fv2%2Ftags&post=52063"}],"curies":[{"name":"wp","href":"https:\/\/api.w.org\/{rel}","templated":true}]}}