{"id":52077,"date":"2023-02-25T11:38:00","date_gmt":"2023-02-25T17:38:00","guid":{"rendered":"http:\/\/www.zonaroja.com.mx\/?p=52077"},"modified":"2023-02-25T20:33:20","modified_gmt":"2023-02-26T02:33:20","slug":"acerca-poder-judicial-sus-servicios-y-brinda-atencion-a-habitantes-de-la-cuenca","status":"publish","type":"post","link":"https:\/\/zonaroja.com.mx\/?p=52077","title":{"rendered":"Acerca Poder Judicial sus servicios y brinda atenci\u00f3n a habitantes de la Cuenca"},"content":{"rendered":"\n<p>Redacci\u00f3n\/Zona Roja.<\/p>\n\n\n\n<p>Oaxaca de Ju\u00e1rez, Oax., a 25 de febrero de 2023.- En su compromiso de apoyar acciones&nbsp;de prevenci\u00f3n de la violencia de g\u00e9nero&nbsp;y&nbsp;brindar&nbsp;atenci\u00f3n&nbsp;especializada a mujeres, garantiz\u00e1ndoles el acceso a la justicia,&nbsp;el Poder Judicial del Estado, a trav\u00e9s de la Direcci\u00f3n de Derechos Humanos y el Centro de Justicia Alternativa,&nbsp;participa&nbsp;en la&nbsp;Jornada&nbsp;de Paz y Justicia para Mujeres, Adolescentes y Ni\u00f1as, organizada por el Gobierno del Estado, en&nbsp;la regi\u00f3n de la Cuenca del&nbsp;Papaloapan.&nbsp;<\/p>\n\n\n\n<p>De forma conjunta con diversas dependencias, el Tribunal Superior de Justicia y el Consejo de la Judicatura, llevan a cabo&nbsp;estos trabajos&nbsp;encaminados a contribuir en la erradicaci\u00f3n de&nbsp;la violencia y la desigualdad de&nbsp;g\u00e9nero,&nbsp;as\u00ed como&nbsp;garantizar los derechos humanos de las mujeres en los&nbsp;diferentes&nbsp;municipios del estado.&nbsp;<\/p>\n\n\n\n<p>Por ello, personal especializado de ambas direcciones, a cargo del&nbsp;m\u00f3dulo&nbsp;de orientaci\u00f3n, apoyaron a habitantes y estudiantes que acudieron a la Jornada, con informaci\u00f3n&nbsp;respecto a los servicios en la instituci\u00f3n impartidora de justicia y los mecanismos alternativos de soluci\u00f3n de conflictos, adem\u00e1s de entregar material como tr\u00edpticos, folletos y carteles. &nbsp;<\/p>\n\n\n\n<p>La Jornada de Paz y Justicia para Mujeres, Adolescentes y Ni\u00f1as, se realiz\u00f3&nbsp;el 21 de febrero en el municipio de San Juan Bautista Tuxtepec, en la Avenida 5 de&nbsp;Mayo&nbsp;n\u00famero 281, entre Allende y Guerrero, Colonia Centro; el 22 se&nbsp;efectu\u00f3&nbsp;en Loma Bonita; el 23 en Acatl\u00e1n de P\u00e9rez Figueroa; el 24 en San Miguel Soyaltepec y el&nbsp;25 de febrero&nbsp;culmina&nbsp;en San Juan Bautista Valle Nacional.&nbsp;<\/p>\n\n\n\n<p>El Poder Judicial del Estado apoya&nbsp;las pol\u00edticas p\u00fablicas&nbsp;a favor de las mujeres y refrenda&nbsp;su compromiso para que este sector de la poblaci\u00f3n sea dotado de herramientas y conocimientos que les permitan detectar y actuar contra casos de violencia; asimismo, invita&nbsp;a&nbsp;la sociedad&nbsp;a sumarse en estas tareas que favorecen el desarrollo de la equidad e igualdad de g\u00e9nero.<\/p>\n","protected":false},"excerpt":{"rendered":"<p>Redacci\u00f3n\/Zona Roja. Oaxaca de Ju\u00e1rez, Oax., a 25 de febrero de 2023.- En su compromiso&hellip;<\/p>\n","protected":false},"author":2,"featured_media":47613,"comment_status":"closed","ping_status":"open","sticky":false,"template":"","format":"standard","meta":{"_lmt_disableupdate":"","_lmt_disable":"","_jetpack_memberships_contains_paid_content":false,"footnotes":""},"categories":[109,46],"tags":[223],"class_list":["post-52077","post","type-post","status-publish","format-standard","has-post-thumbnail","hentry","category-minuto-a-minuto","category-zona-blanca","tag-poder-judicial-de-oaxaca"],"jetpack_featured_media_url":"https:\/\/zonaroja.com.mx\/wp-content\/uploads\/2022\/11\/Poder-Judicial-Oaxaca-Tribunal-Superior-de-Justicia.jpeg","jetpack_sharing_enabled":true,"_links":{"self":[{"href":"https:\/\/zonaroja.com.mx\/index.php?rest_route=\/wp\/v2\/posts\/52077","targetHints":{"allow":["GET"]}}],"collection":[{"href":"https:\/\/zonaroja.com.mx\/index.php?rest_route=\/wp\/v2\/posts"}],"about":[{"href":"https:\/\/zonaroja.com.mx\/index.php?rest_route=\/wp\/v2\/types\/post"}],"author":[{"embeddable":true,"href":"https:\/\/zonaroja.com.mx\/index.php?rest_route=\/wp\/v2\/users\/2"}],"replies":[{"embeddable":true,"href":"https:\/\/zonaroja.com.mx\/index.php?rest_route=%2Fwp%2Fv2%2Fcomments&post=52077"}],"version-history":[{"count":1,"href":"https:\/\/zonaroja.com.mx\/index.php?rest_route=\/wp\/v2\/posts\/52077\/revisions"}],"predecessor-version":[{"id":52079,"href":"https:\/\/zonaroja.com.mx\/index.php?rest_route=\/wp\/v2\/posts\/52077\/revisions\/52079"}],"wp:featuredmedia":[{"embeddable":true,"href":"https:\/\/zonaroja.com.mx\/index.php?rest_route=\/wp\/v2\/media\/47613"}],"wp:attachment":[{"href":"https:\/\/zonaroja.com.mx\/index.php?rest_route=%2Fwp%2Fv2%2Fmedia&parent=52077"}],"wp:term":[{"taxonomy":"category","embeddable":true,"href":"https:\/\/zonaroja.com.mx\/index.php?rest_route=%2Fwp%2Fv2%2Fcategories&post=52077"},{"taxonomy":"post_tag","embeddable":true,"href":"https:\/\/zonaroja.com.mx\/index.php?rest_route=%2Fwp%2Fv2%2Ftags&post=52077"}],"curies":[{"name":"wp","href":"https:\/\/api.w.org\/{rel}","templated":true}]}}