{"id":5208,"date":"2019-10-30T09:00:49","date_gmt":"2019-10-30T15:00:49","guid":{"rendered":"http:\/\/www.zonaroja.com.mx\/?p=5208"},"modified":"2019-10-30T05:25:15","modified_gmt":"2019-10-30T11:25:15","slug":"expondran-obra-de-toledo-en-el-latin-american-masters-de-california","status":"publish","type":"post","link":"https:\/\/zonaroja.com.mx\/?p=5208","title":{"rendered":"Expondr\u00e1n obra de Toledo en el Latin American Masters de California"},"content":{"rendered":"\n<p>Evlin Arag\u00f3n\/Zona Roja.<\/p>\n\n\n\n<p>Oaxaca de Ju\u00e1rez, Oax., 29 de octubre\nde 2019.- La directiva de la galer\u00eda Latin American Masters (Maestros\nLatinoamericanos) confirm\u00f3 la exposici\u00f3n de cer\u00e1mica denominada \u201cEl fuego y la\ntierra\u201d del artista oaxaque\u00f1o Francisco Toledo, que se instalar\u00e1 del 23 de\nnoviembre de este a\u00f1o al 18 de enero del 2020 en su sede ubicada en Santa\nM\u00f3nica, California, Estados Unidos de Norteam\u00e9rica.<\/p>\n\n\n\n<p>\u201cLos maestros latinoamericanos se\ncomplace en presentar \u2018El fuego y la tierra\u2019, una exposici\u00f3n individual de la\ncer\u00e1mica de Francisco Toledo\u201d, refirieron a trav\u00e9s de sus plataformas\ndigitales.<\/p>\n\n\n\n<p>La muestra incluye 31 piezas de cer\u00e1mica del artista juchiteco que falleci\u00f3 el pasado 5 de septiembre, dentro de los que destacan dos esculturas de perros, cada uno sentado en pie y rodeado de huesos, lo cuales evocan la rica cultura zoomorfa de M\u00e9xico, presente en buena parte de la obra del artista oaxaque\u00f1o.<\/p>\n\n\n\n<figure class=\"wp-block-image\"><img decoding=\"async\" width=\"789\" height=\"1024\" src=\"http:\/\/www.zonaroja.com.mx\/wp-content\/uploads\/2019\/10\/Image-1-5-3-789x1024.jpg\" alt=\"\" class=\"wp-image-5210\" srcset=\"https:\/\/zonaroja.com.mx\/wp-content\/uploads\/2019\/10\/Image-1-5-3-789x1024.jpg 789w, https:\/\/zonaroja.com.mx\/wp-content\/uploads\/2019\/10\/Image-1-5-3-231x300.jpg 231w, https:\/\/zonaroja.com.mx\/wp-content\/uploads\/2019\/10\/Image-1-5-3-768x997.jpg 768w, https:\/\/zonaroja.com.mx\/wp-content\/uploads\/2019\/10\/Image-1-5-3-585x759.jpg 585w, https:\/\/zonaroja.com.mx\/wp-content\/uploads\/2019\/10\/Image-1-5-3.jpg 986w\" sizes=\"(max-width: 789px) 100vw, 789px\" \/><\/figure>\n\n\n\n<p>\u201cLos perros de Toledo evocan la rica\ncultura zoomorfa de M\u00e9xico, en particular, los perros efigies de Colima y\nVeracruz. Aqu\u00ed, Toledo transforma la iconograf\u00eda antigua en obras\ncontempor\u00e1neas que se hacen frente a las consecuencias de la violencia y el\nexceso de consumo\u201d, refieren en el breve comunicado con el que dan a conocer la\nexposici\u00f3n.<\/p>\n\n\n\n<p>Aunque Francisco Toledo es mucho m\u00e1s\nconocido como pintor y grabador, su personalidad inquieta y su probado talento\nlo llev\u00f3 a explorar otras t\u00e9cnicas, dentro de ellas la cer\u00e1mica cuyas obras\nser\u00e1n expuestas en los Estados Unidos a partir del pr\u00f3ximo mes.&nbsp; <\/p>\n\n\n\n<p>\u201cFue un escultor y ceramista talentoso\ncuyas obras en estos medios se pueden comparar de manera favorable con los m\u00e1s\nfinos de la tradici\u00f3n occidental\u201d, a\u00f1ade el anuncio de la exposici\u00f3n.<\/p>\n\n\n\n<p>El pintor juchiteco falleci\u00f3 el pasado\n5 de septiembre dejando una extensa obra tanto en la pl\u00e1stica como en la\nescultura, as\u00ed como un incalculable legado cultural en Oaxaca mediante el impulso\nde espacios como el Centro de las Artes de San Agust\u00edn (CaSa), el Centro\nFotogr\u00e1fico Manuel \u00c1lvarez Bravo, el Museo de Arte Contempor\u00e1neo de Oaxaca, la\nFonoteca \u201cEduardo Mata\u201d, entre otros.<\/p>\n","protected":false},"excerpt":{"rendered":"<p>Evlin Arag\u00f3n\/Zona Roja. Oaxaca de Ju\u00e1rez, Oax., 29 de octubre de 2019.- La directiva de&hellip;<\/p>\n","protected":false},"author":2,"featured_media":5209,"comment_status":"closed","ping_status":"open","sticky":false,"template":"","format":"standard","meta":{"_lmt_disableupdate":"","_lmt_disable":"","_jetpack_memberships_contains_paid_content":false,"footnotes":""},"categories":[109,46],"tags":[677,929],"class_list":["post-5208","post","type-post","status-publish","format-standard","has-post-thumbnail","hentry","category-minuto-a-minuto","category-zona-blanca","tag-francisco-toledo","tag-latin-american-masters"],"jetpack_featured_media_url":"https:\/\/zonaroja.com.mx\/wp-content\/uploads\/2019\/10\/TOLEDOEXPO.jpg","jetpack_sharing_enabled":true,"_links":{"self":[{"href":"https:\/\/zonaroja.com.mx\/index.php?rest_route=\/wp\/v2\/posts\/5208","targetHints":{"allow":["GET"]}}],"collection":[{"href":"https:\/\/zonaroja.com.mx\/index.php?rest_route=\/wp\/v2\/posts"}],"about":[{"href":"https:\/\/zonaroja.com.mx\/index.php?rest_route=\/wp\/v2\/types\/post"}],"author":[{"embeddable":true,"href":"https:\/\/zonaroja.com.mx\/index.php?rest_route=\/wp\/v2\/users\/2"}],"replies":[{"embeddable":true,"href":"https:\/\/zonaroja.com.mx\/index.php?rest_route=%2Fwp%2Fv2%2Fcomments&post=5208"}],"version-history":[{"count":1,"href":"https:\/\/zonaroja.com.mx\/index.php?rest_route=\/wp\/v2\/posts\/5208\/revisions"}],"predecessor-version":[{"id":5211,"href":"https:\/\/zonaroja.com.mx\/index.php?rest_route=\/wp\/v2\/posts\/5208\/revisions\/5211"}],"wp:featuredmedia":[{"embeddable":true,"href":"https:\/\/zonaroja.com.mx\/index.php?rest_route=\/wp\/v2\/media\/5209"}],"wp:attachment":[{"href":"https:\/\/zonaroja.com.mx\/index.php?rest_route=%2Fwp%2Fv2%2Fmedia&parent=5208"}],"wp:term":[{"taxonomy":"category","embeddable":true,"href":"https:\/\/zonaroja.com.mx\/index.php?rest_route=%2Fwp%2Fv2%2Fcategories&post=5208"},{"taxonomy":"post_tag","embeddable":true,"href":"https:\/\/zonaroja.com.mx\/index.php?rest_route=%2Fwp%2Fv2%2Ftags&post=5208"}],"curies":[{"name":"wp","href":"https:\/\/api.w.org\/{rel}","templated":true}]}}