{"id":52085,"date":"2023-02-25T08:03:15","date_gmt":"2023-02-25T14:03:15","guid":{"rendered":"http:\/\/www.zonaroja.com.mx\/?p=52085"},"modified":"2023-02-25T08:03:16","modified_gmt":"2023-02-25T14:03:16","slug":"le-ofrece-gobierno-hasta-casa-a-triquis-de-lorena-merino-y-ni-asi-deja-planton","status":"publish","type":"post","link":"https:\/\/zonaroja.com.mx\/?p=52085","title":{"rendered":"Le ofrece gobierno hasta casa a Triquis de Lorena Merino y ni as\u00ed deja \u201cplant\u00f3n\u201d"},"content":{"rendered":"\n<p>Redacci\u00f3n\/Zona Roja.<\/p>\n\n\n\n<p>Oaxaca de Ju\u00e1rez, Oax. 25 de febrero de 2023.- El gobierno de Oaxaca revel\u00f3 que ha ofrecido hasta vivienda a los ind\u00edgenas triquis, as\u00ed como locales para vender sus productos en la capital. para dejar sus manifestaciones, sin embargo, la mayor\u00eda no la ha aceptado.<\/p>\n\n\n\n<p>Ayer por la ma\u00f1ana, personal de la Secretar\u00eda de Gobierno instal\u00f3 una mesa en el corredor exterior del Palacio de Gobierno para atender al grupo de Lorena Merino, que llevaba m\u00e1s de diez d\u00edas de \u201cplant\u00f3n\u201d en el exterior del inmueble.<\/p>\n\n\n\n<p>Tras ello, se acord\u00f3 el retiro de la protesta para tener una reuni\u00f3n de trabajo en la tarde, en Ciudad Administrativa, oficinas de gobierno ubicadas en Tlalixtac de Cabrera.<\/p>\n\n\n\n<p>Sin embargo, Merino, sin dar mayores argumentos, se retir\u00f3 de la mesa de trabajo y amag\u00f3 con reanudar su \u201cplant\u00f3n\u201d el pr\u00f3ximo lunes.<\/p>\n\n\n\n<p>En un comunicado, el Gobierno del Estado dio a conocer hoy que \u201clos acuerdos entre la administraci\u00f3n estatal y el grupo de personas Triquis que mantienen un \u2018plant\u00f3n\u2019 frente al acceso principal del Palacio de Gobierno, han perdido validez.<\/p>\n\n\n\n<p>Ello, toda vez que se incumpli\u00f3 una de las cl\u00e1usulas convenidas entre ambas partes.<\/p>\n\n\n\n<p>\u201cCabe destacar que el pasado 21 de diciembre se firm\u00f3 una minuta, la cual contempl\u00f3 por parte del Gobierno del Estado, beneficios de vivienda, alimentaci\u00f3n y la renta de espacios para el comercio de productos; sin embargo, los acuerdos quedaron invalidados desde el momento en que el grupo de personas Triquis incumpli\u00f3 el acuerdo de abstenerse de realizar plantones y manifestaciones.<\/p>\n\n\n\n<p>\u201cLa minuta contemplaba que el Gobierno del Estado los apoyar\u00eda con el arrendamiento de un establecimiento donde pudieran vender su producto. Para cumplir con este pacto se buscaron diversos lugares en el Centro Hist\u00f3rico de la Ciudad de Oaxaca; pero todos fueron rechazados.<\/p>\n\n\n\n<p>\u201cRespecto a la demanda de vivienda, el Gobierno del Estado propuso, desde hace 10 d\u00edas cuando colocaron el \u2018plant\u00f3n\u2019 frente a Palacio de Gobierno, la creaci\u00f3n de un programa de vivienda con base en la elaboraci\u00f3n de un padr\u00f3n de familias, la definici\u00f3n del modelo de vivienda, el tama\u00f1o del predio y el costo del proyecto, para que fuera aprobado por el Ejecutivo estatal y se gestionara la cobertura presupuestal.<\/p>\n\n\n\n<p>\u201cTambi\u00e9n, se trabaj\u00f3 con la Coordinadora de Atenci\u00f3n a los Derechos Humanos para revisar las condiciones adecuadas del albergue en el cual hoy habitan, y tambi\u00e9n el planteamiento de apoyos alimentarios.<\/p>\n\n\n\n<p>\u201cSin embargo, todas estas propuestas de atenci\u00f3n gubernamental han sido rechazadas, pese a que el Gobierno del Estado ha demostrado voluntad y disposici\u00f3n para atender a las personas, y otorgar respuestas puntuales a sus peticiones.<\/p>\n\n\n\n<p>\u201cMientras tanto, el Estado ha solventado los gastos por la renta del albergue donde viven, incluso se ha cubierto lo correspondiente al mes de marzo\u201d, detall\u00f3 en su comunicado.<\/p>\n","protected":false},"excerpt":{"rendered":"<p>Redacci\u00f3n\/Zona Roja. Oaxaca de Ju\u00e1rez, Oax. 25 de febrero de 2023.- El gobierno de Oaxaca&hellip;<\/p>\n","protected":false},"author":2,"featured_media":52086,"comment_status":"closed","ping_status":"open","sticky":false,"template":"","format":"standard","meta":{"_lmt_disableupdate":"","_lmt_disable":"","_jetpack_memberships_contains_paid_content":false,"footnotes":""},"categories":[109,47],"tags":[2037],"class_list":["post-52085","post","type-post","status-publish","format-standard","has-post-thumbnail","hentry","category-minuto-a-minuto","category-zona-gris","tag-indigenas-triquis-copala"],"jetpack_featured_media_url":"https:\/\/zonaroja.com.mx\/wp-content\/uploads\/2023\/02\/Triquis-gobierno-Lorena-Merino.jpg","jetpack_sharing_enabled":true,"_links":{"self":[{"href":"https:\/\/zonaroja.com.mx\/index.php?rest_route=\/wp\/v2\/posts\/52085","targetHints":{"allow":["GET"]}}],"collection":[{"href":"https:\/\/zonaroja.com.mx\/index.php?rest_route=\/wp\/v2\/posts"}],"about":[{"href":"https:\/\/zonaroja.com.mx\/index.php?rest_route=\/wp\/v2\/types\/post"}],"author":[{"embeddable":true,"href":"https:\/\/zonaroja.com.mx\/index.php?rest_route=\/wp\/v2\/users\/2"}],"replies":[{"embeddable":true,"href":"https:\/\/zonaroja.com.mx\/index.php?rest_route=%2Fwp%2Fv2%2Fcomments&post=52085"}],"version-history":[{"count":1,"href":"https:\/\/zonaroja.com.mx\/index.php?rest_route=\/wp\/v2\/posts\/52085\/revisions"}],"predecessor-version":[{"id":52087,"href":"https:\/\/zonaroja.com.mx\/index.php?rest_route=\/wp\/v2\/posts\/52085\/revisions\/52087"}],"wp:featuredmedia":[{"embeddable":true,"href":"https:\/\/zonaroja.com.mx\/index.php?rest_route=\/wp\/v2\/media\/52086"}],"wp:attachment":[{"href":"https:\/\/zonaroja.com.mx\/index.php?rest_route=%2Fwp%2Fv2%2Fmedia&parent=52085"}],"wp:term":[{"taxonomy":"category","embeddable":true,"href":"https:\/\/zonaroja.com.mx\/index.php?rest_route=%2Fwp%2Fv2%2Fcategories&post=52085"},{"taxonomy":"post_tag","embeddable":true,"href":"https:\/\/zonaroja.com.mx\/index.php?rest_route=%2Fwp%2Fv2%2Ftags&post=52085"}],"curies":[{"name":"wp","href":"https:\/\/api.w.org\/{rel}","templated":true}]}}