{"id":52090,"date":"2023-02-25T14:19:00","date_gmt":"2023-02-25T20:19:00","guid":{"rendered":"http:\/\/www.zonaroja.com.mx\/?p=52090"},"modified":"2023-02-25T14:20:51","modified_gmt":"2023-02-25T20:20:51","slug":"p2-9","status":"publish","type":"post","link":"https:\/\/zonaroja.com.mx\/?p=52090","title":{"rendered":"Acumula Neri desaciertos y desaprobaci\u00f3n, ahora por derribar pila hist\u00f3rica de un siglo"},"content":{"rendered":"\n<p>Yuridiana Sosa\/Zona Roja.&nbsp;<\/p>\n\n\n\n<p>Oaxaca de Ju\u00e1rez, Oax., a 25 de febrero de 2023.- Las acciones del gobierno municipal que encabeza Francisco Mart\u00ednez Neri en la capital del estado volvieron a ser desaprobadas por la ciudadan\u00eda, ahora por el derribo de la hist\u00f3rica pila \u201cJuan Diego\u201d con m\u00e1s de un siglo de antig\u00fcedad.<\/p>\n\n\n\n<p>Vecinos de la calle de Valerio Trujano, del Centro Hist\u00f3rico de la ciudad, fueron los primeros en denunciar la destrucci\u00f3n de la pieza que data desde finales del siglo XVIII, con la supuesta intenci\u00f3n de una restauraci\u00f3n.<\/p>\n\n\n\n<p>Sin embargo, el retiro de la pila original resta todo valor a la historia de la misma, adem\u00e1s, los trabajos sobre la manera en la que la cantera fue derribada mostr\u00f3 la falta de conocimiento sobre el valor de la construcci\u00f3n.<\/p>\n\n\n\n<p>Fue la ma\u00f1ana del viernes cuando los habitantes de la zona del barrio de la China advirtieron sobre el destrozo a la antigua pieza. De inmediato la ciudadan\u00eda expres\u00f3 su desaprobaci\u00f3n a dicha acci\u00f3n, por medio de las redes sociales y coincidieron en el desatino de la autoridad de derribarla para su rehabilitaci\u00f3n.&nbsp;<\/p>\n\n\n\n<p>El hecho caus\u00f3 asombro entre los capitalino, pues a pesar que la pila no funcionaba, era parte de las piezas que dan valor al Centro Hist\u00f3rico de Oaxaca, adem\u00e1s de cuestionar que si se realizar\u00e1 lo mismo con otras pilas de la ciudad.&nbsp;<\/p>\n\n\n\n<p>VERSI\u00d3N OFICIAL<\/p>\n\n\n\n<p>Ante las reacciones de la poblaci\u00f3n, el ayuntamiento de Oaxaca de Ju\u00e1rez subray\u00f3 que se tratan trabajos de restauraci\u00f3n y no de una demolici\u00f3n sin fundamento. &nbsp;<\/p>\n\n\n\n<p>Dichos trabajos, dijo, forman parte del programa \u201cRescate de pilas hist\u00f3ricas\u201d dentro del pol\u00edgono del Centro Hist\u00f3rico, los cuales se realizan de forma conjunta entre el Instituto Nacional de Antropolog\u00eda e Historia (INAH), a trav\u00e9s de la Secretar\u00eda de Obras P\u00fablicas y Desarrollo Urbano, inform\u00f3 el Ayuntamiento y la Asociaci\u00f3n Civil \u201cGranito de Arena\u201d.<\/p>\n\n\n\n<p>El ayuntamiento insisti\u00f3 en que la intenci\u00f3n es embellecer las zonas en donde se ubican la pilas que ser\u00e1n restauradas y sacar del abandono y deterioro dicha herencia hist\u00f3rica.<\/p>\n\n\n\n<p>Tras el esc\u00e1ndalo, el gobierno opt\u00f3 por cubrir los destrozos, instalando un cerco de tablas a pie de la pila.<\/p>\n\n\n\n<p>Datos hist\u00f3ricos indican que la famosa pila de \u201cJuan Diego\u201d se construy\u00f3 en los \u00faltimos a\u00f1os del siglo XVIII, y sirvi\u00f3 para que la ciudadan\u00eda se abasteciera de agua para uso humano, al ser esta la forma en que se distribu\u00eda el l\u00edquido. Algunos se\u00f1alan que funcion\u00f3 hasta principios del siglo XX.<\/p>\n","protected":false},"excerpt":{"rendered":"<p>Yuridiana Sosa\/Zona Roja.&nbsp; Oaxaca de Ju\u00e1rez, Oax., a 25 de febrero de 2023.- Las acciones&hellip;<\/p>\n","protected":false},"author":2,"featured_media":52092,"comment_status":"closed","ping_status":"open","sticky":false,"template":"","format":"standard","meta":{"_lmt_disableupdate":"","_lmt_disable":"","_jetpack_memberships_contains_paid_content":false,"footnotes":""},"categories":[109,1,47],"tags":[],"class_list":["post-52090","post","type-post","status-publish","format-standard","has-post-thumbnail","hentry","category-minuto-a-minuto","category-sin-categoria","category-zona-gris"],"jetpack_featured_media_url":"https:\/\/zonaroja.com.mx\/wp-content\/uploads\/2023\/02\/07a0ee81-0cff-4b15-8d0f-74d3802efaec.jpg","jetpack_sharing_enabled":true,"_links":{"self":[{"href":"https:\/\/zonaroja.com.mx\/index.php?rest_route=\/wp\/v2\/posts\/52090","targetHints":{"allow":["GET"]}}],"collection":[{"href":"https:\/\/zonaroja.com.mx\/index.php?rest_route=\/wp\/v2\/posts"}],"about":[{"href":"https:\/\/zonaroja.com.mx\/index.php?rest_route=\/wp\/v2\/types\/post"}],"author":[{"embeddable":true,"href":"https:\/\/zonaroja.com.mx\/index.php?rest_route=\/wp\/v2\/users\/2"}],"replies":[{"embeddable":true,"href":"https:\/\/zonaroja.com.mx\/index.php?rest_route=%2Fwp%2Fv2%2Fcomments&post=52090"}],"version-history":[{"count":2,"href":"https:\/\/zonaroja.com.mx\/index.php?rest_route=\/wp\/v2\/posts\/52090\/revisions"}],"predecessor-version":[{"id":52093,"href":"https:\/\/zonaroja.com.mx\/index.php?rest_route=\/wp\/v2\/posts\/52090\/revisions\/52093"}],"wp:featuredmedia":[{"embeddable":true,"href":"https:\/\/zonaroja.com.mx\/index.php?rest_route=\/wp\/v2\/media\/52092"}],"wp:attachment":[{"href":"https:\/\/zonaroja.com.mx\/index.php?rest_route=%2Fwp%2Fv2%2Fmedia&parent=52090"}],"wp:term":[{"taxonomy":"category","embeddable":true,"href":"https:\/\/zonaroja.com.mx\/index.php?rest_route=%2Fwp%2Fv2%2Fcategories&post=52090"},{"taxonomy":"post_tag","embeddable":true,"href":"https:\/\/zonaroja.com.mx\/index.php?rest_route=%2Fwp%2Fv2%2Ftags&post=52090"}],"curies":[{"name":"wp","href":"https:\/\/api.w.org\/{rel}","templated":true}]}}