{"id":52104,"date":"2023-02-26T07:44:00","date_gmt":"2023-02-26T13:44:00","guid":{"rendered":"http:\/\/www.zonaroja.com.mx\/?p=52104"},"modified":"2023-02-26T06:54:51","modified_gmt":"2023-02-26T12:54:51","slug":"aumenta-a-cuatro-los-muertos-por-explosion-en-planta-de-pemex-en-veracruz","status":"publish","type":"post","link":"https:\/\/zonaroja.com.mx\/?p=52104","title":{"rendered":"Aumenta a cuatro los muertos por explosi\u00f3n en planta de Pemex en Veracruz"},"content":{"rendered":"\n<p>Redacci\u00f3n\/Zona Roja Cdmx.<\/p>\n\n\n\n<p>Ciudad de M\u00e9xico, a 26 de febrero de 2024.- Despu\u00e9s de dos incendios en instalaciones de Petr\u00f3leos Mexicanos (Pemex) el jueves pasado en Veracruz, este de M\u00e9xico, suman cuatro los trabajadores que han perdido la vida.<\/p>\n\n\n\n<p>Dos de los cuatro trabajadores, quienes laboraban en la Refiner\u00eda \u201cL\u00e1zaro C\u00e1rdenas\u201d de Minatitl\u00e1n, murieron a consecuencia de las graves quemaduras que presentaban tras un incendio, seg\u00fan reportaron este s\u00e1bado fuentes cercanas a los afectados.<\/p>\n\n\n\n<p>Las v\u00edctimas mortales se encontraban en el interior de la refiner\u00eda de Pemex, cuando se registr\u00f3 un incendio y sufrieron, junto con tres compa\u00f1eros m\u00e1s, graves por quemaduras de segundo y tercer grado.<\/p>\n\n\n\n<p>Familiares y compa\u00f1eros reportaron en sus redes sociales el fallecimiento de los obreros, identificados c\u00f3mo Leopoldo S\u00e1nchez y Al\u00e1n Osvaldo, quienes eran atendidos en servicios m\u00e9dicos de la petrolera estatal mexicana.<\/p>\n\n\n\n<p>Los fallecidos formaban parte de la secci\u00f3n 10 del Sindicato Nacional de Trabajadores Petroleros de la Rep\u00fablica Mexicanos, mientras que Pemex no ha dado alguna actualizaci\u00f3n a\u00fan.<\/p>\n\n\n\n<p>Los dos trabajadores fallecidos restantes fueron encontrados sin vida el viernes, luego de que se reportaran como perdidos, tras una explosi\u00f3n y posterior incendio en el Centro de Almacenamiento de crudo de Pemex, conocido como Tuzandepetl en el municipio de Ixhuatl\u00e1n del Sureste.<\/p>\n\n\n\n<p>El jueves pasado, estos dos accidentes en instalaciones de la empresa paraestatal Petr\u00f3leos Mexicanos hab\u00edan dejado, en un primer reporte, siete heridos y cinco desaparecidos.<\/p>\n\n\n\n<p>El primer incendio ocurri\u00f3 en el interior de la refiner\u00eda \u201cL\u00e1zaro C\u00e1rdenas\u201d de Minatitl\u00e1n, una de las m\u00e1s grandes de Latinoam\u00e9rica, propiedad de la petrolera mexicana, donde cinco obreros resultaron heridos de gravedad y de los cuales hoy se reportan dos fallecidos.<\/p>\n\n\n\n<p>En este suceso, Pemex presumi\u00f3 que la posible causa del incendio fue el escurrimiento de producto sobre una superficie caliente.<\/p>\n\n\n\n<p>Poco tiempo despu\u00e9s, ocurri\u00f3 una explosi\u00f3n y posterior incendio en la Cavidad de Tuzandepetl, donde se mantiene el reporte de tres desaparecidos, dos heridos y dos fallecidos.<\/p>\n\n\n\n<p>Hasta el momento, Pemex no ha informado sobre las posibles causas del incidente, aunque se dijo que la explosi\u00f3n e incendio se generaron en el equipo de perforaci\u00f3n \u201cPM-119\u201d que daba mantenimiento a la Cavidad Tuzandepetl-331.<\/p>\n\n\n\n<p>Veracruz, este de M\u00e9xico, es un centro neur\u00e1lgico en producci\u00f3n de petr\u00f3leo y sus derivados, con las operaciones de refiner\u00edas, petroqu\u00edmicas y pozos petroleros.<\/p>\n\n\n\n<p>En el sur de la entidad operan dos petroqu\u00edmicas, una refiner\u00eda y cientos de pozos extractores de petr\u00f3leo crudo, adem\u00e1s por esa regi\u00f3n pasan ductos que transportan productos al centro del pa\u00eds.<\/p>\n\n\n\n<p>(Con informaci\u00f3n de EFE en L\u00f3pez-D\u00f3riga Digital)<\/p>\n","protected":false},"excerpt":{"rendered":"<p>Redacci\u00f3n\/Zona Roja Cdmx. Ciudad de M\u00e9xico, a 26 de febrero de 2024.- Despu\u00e9s de dos&hellip;<\/p>\n","protected":false},"author":2,"featured_media":52105,"comment_status":"closed","ping_status":"open","sticky":false,"template":"","format":"standard","meta":{"_lmt_disableupdate":"","_lmt_disable":"","_jetpack_memberships_contains_paid_content":false,"footnotes":""},"categories":[109,47],"tags":[874],"class_list":["post-52104","post","type-post","status-publish","format-standard","has-post-thumbnail","hentry","category-minuto-a-minuto","category-zona-gris","tag-petroleos-mexicanos-pemex"],"jetpack_featured_media_url":"https:\/\/zonaroja.com.mx\/wp-content\/uploads\/2023\/02\/Incendio-Pemex-Veracruz.jpeg","jetpack_sharing_enabled":true,"_links":{"self":[{"href":"https:\/\/zonaroja.com.mx\/index.php?rest_route=\/wp\/v2\/posts\/52104","targetHints":{"allow":["GET"]}}],"collection":[{"href":"https:\/\/zonaroja.com.mx\/index.php?rest_route=\/wp\/v2\/posts"}],"about":[{"href":"https:\/\/zonaroja.com.mx\/index.php?rest_route=\/wp\/v2\/types\/post"}],"author":[{"embeddable":true,"href":"https:\/\/zonaroja.com.mx\/index.php?rest_route=\/wp\/v2\/users\/2"}],"replies":[{"embeddable":true,"href":"https:\/\/zonaroja.com.mx\/index.php?rest_route=%2Fwp%2Fv2%2Fcomments&post=52104"}],"version-history":[{"count":1,"href":"https:\/\/zonaroja.com.mx\/index.php?rest_route=\/wp\/v2\/posts\/52104\/revisions"}],"predecessor-version":[{"id":52106,"href":"https:\/\/zonaroja.com.mx\/index.php?rest_route=\/wp\/v2\/posts\/52104\/revisions\/52106"}],"wp:featuredmedia":[{"embeddable":true,"href":"https:\/\/zonaroja.com.mx\/index.php?rest_route=\/wp\/v2\/media\/52105"}],"wp:attachment":[{"href":"https:\/\/zonaroja.com.mx\/index.php?rest_route=%2Fwp%2Fv2%2Fmedia&parent=52104"}],"wp:term":[{"taxonomy":"category","embeddable":true,"href":"https:\/\/zonaroja.com.mx\/index.php?rest_route=%2Fwp%2Fv2%2Fcategories&post=52104"},{"taxonomy":"post_tag","embeddable":true,"href":"https:\/\/zonaroja.com.mx\/index.php?rest_route=%2Fwp%2Fv2%2Ftags&post=52104"}],"curies":[{"name":"wp","href":"https:\/\/api.w.org\/{rel}","templated":true}]}}