{"id":52112,"date":"2023-02-26T09:00:00","date_gmt":"2023-02-26T15:00:00","guid":{"rendered":"http:\/\/www.zonaroja.com.mx\/?p=52112"},"modified":"2023-02-26T07:23:31","modified_gmt":"2023-02-26T13:23:31","slug":"persiste-desaparicion-de-menores-en-oaxaca-son-siete-vigentes-en-una-semana","status":"publish","type":"post","link":"https:\/\/zonaroja.com.mx\/?p=52112","title":{"rendered":"Persiste desaparici\u00f3n de menores en Oaxaca; son siete vigentes en una semana"},"content":{"rendered":"\n<p>Yuridiana Sosa\/Zona Roja.<\/p>\n\n\n\n<p>Oaxaca de Ju\u00e1rez, Oax., a 25 de febrero de 2023.- La inseguridad en Oaxaca cada vez alcanza m\u00e1s a los menores de edad, quienes durante la semana del 19 al 25 de febrero representan m\u00e1s de la mitad de las personas reportadas y que permanecen como desaparecidas en la entidad.<\/p>\n\n\n\n<p>De acuerdo con los reportes de la Unidad de B\u00fasqueda de Personas Desaparecidas y No Localizadas, de la Fiscal\u00eda General de Oaxaca, de las 11 personas desaparecidas en una semana, siete son ni\u00f1as, ni\u00f1os y adolescentes.<\/p>\n\n\n\n<p>En las \u00faltimas horas se report\u00f3 la desaparici\u00f3n de los hermanos Dereck Ally y Joseph Lheam de apellidos Mart\u00ednez P\u00e9rez, de &nbsp;cinco y cuatro a\u00f1os, respectivamente, de quienes se desconoce su paradero desde el 20 de enero tras ser visto en San Pablo Norte del municipio de Salina Cruz.<br>Otro caso es el de Karina Yoselin Rodr\u00edguez Hern\u00e1ndez de 15 a\u00f1os , quien fue vista por \u00faltima vez el 23 de febrero en el barrio San Sebasti\u00e1n del municipio de Villa de Zaachila. As\u00ed como el de Karla Michelle Bello Montes, de 17 a\u00f1os, quien desapareci\u00f3 desde el 21 de febrero en la agencia de Cinco Se\u00f1ores en la ciudad de Oaxaca de Ju\u00e1rez.<br>La menor Daniela Ortega Hern\u00e1ndez, de 15 a\u00f1os, fue vista por \u00faltima vez desde el 7 de febrero en El Rodeo de Santiago Atitl\u00e1n Mixe; mientras que Laydi de Olmos Ruiz, de 16 a\u00f1os, y Vanesa Guadalupe G\u00f3mez Dom\u00ednguez, de 15 a\u00f1os, desaparecieron &nbsp;el 19 de febrero en la capital oaxaque\u00f1a.<\/p>\n\n\n\n<p>Las fichas de b\u00fasqueda vigente reportan el caso de Omar Amos Ram\u00edrez G\u00e9nico de 17 a\u00f1os, quien desapareci\u00f3 el 18 de febrero en San Francisco Tutla,zona conurbada a la capital.<\/p>\n\n\n\n<p>Familiares y autoridades tambi\u00e9n piden la colaboraci\u00f3n para encontrar a la joven Karla Itzel Reyes Hern\u00e1ndez de 21 a\u00f1os de edad, vista por \u00faltima vez el 21 de febrero en el municipio de Santa Mar\u00eda Atzompa.<\/p>\n\n\n\n<p>VARONES<\/p>\n\n\n\n<p>La Unidad de B\u00fasqueda de Personas report\u00f3 la desaparici\u00f3n de cuatro hombres adultos en la entidad.<\/p>\n\n\n\n<p>Las fichas emitidas son para localizar a Servando Alejandro Monzalvo Hern\u00e1ndez, de 49 a\u00f1os, visto desde el pasado 2 de febrero en Oaxaca de Ju\u00e1rez. Christian Ignacio San German Silva, de 37 a\u00f1os, desapareci\u00f3 el 7 de febrero en la colonia Centro de Oaxaca de Ju\u00e1rez.<\/p>\n\n\n\n<p>As\u00ed tambi\u00e9n se pide la ayuda para encontrar a Jorge Vel\u00e1squez Mart\u00ednez, de 28 a\u00f1os, visto por \u00faltima vez desde el 25 de enero en la colonia Alberto Blas y Vega del municipio de &nbsp;Salina Cruz y para Erick David Santiago Ag\u00fcero, de 22 a\u00f1os, desaparecido el 16 de febrero en calle Independencia de la capital oaxaque\u00f1a.<\/p>\n","protected":false},"excerpt":{"rendered":"<p>Yuridiana Sosa\/Zona Roja. Oaxaca de Ju\u00e1rez, Oax., a 25 de febrero de 2023.- La inseguridad&hellip;<\/p>\n","protected":false},"author":2,"featured_media":52113,"comment_status":"closed","ping_status":"open","sticky":false,"template":"","format":"standard","meta":{"_lmt_disableupdate":"","_lmt_disable":"","_jetpack_memberships_contains_paid_content":false,"footnotes":""},"categories":[109,47],"tags":[455],"class_list":["post-52112","post","type-post","status-publish","format-standard","has-post-thumbnail","hentry","category-minuto-a-minuto","category-zona-gris","tag-mujeres-desaparecidas-oaxaca"],"jetpack_featured_media_url":"https:\/\/zonaroja.com.mx\/wp-content\/uploads\/2023\/02\/Desaparecidas-Oaxaca-febrero.jpg","jetpack_sharing_enabled":true,"_links":{"self":[{"href":"https:\/\/zonaroja.com.mx\/index.php?rest_route=\/wp\/v2\/posts\/52112","targetHints":{"allow":["GET"]}}],"collection":[{"href":"https:\/\/zonaroja.com.mx\/index.php?rest_route=\/wp\/v2\/posts"}],"about":[{"href":"https:\/\/zonaroja.com.mx\/index.php?rest_route=\/wp\/v2\/types\/post"}],"author":[{"embeddable":true,"href":"https:\/\/zonaroja.com.mx\/index.php?rest_route=\/wp\/v2\/users\/2"}],"replies":[{"embeddable":true,"href":"https:\/\/zonaroja.com.mx\/index.php?rest_route=%2Fwp%2Fv2%2Fcomments&post=52112"}],"version-history":[{"count":1,"href":"https:\/\/zonaroja.com.mx\/index.php?rest_route=\/wp\/v2\/posts\/52112\/revisions"}],"predecessor-version":[{"id":52114,"href":"https:\/\/zonaroja.com.mx\/index.php?rest_route=\/wp\/v2\/posts\/52112\/revisions\/52114"}],"wp:featuredmedia":[{"embeddable":true,"href":"https:\/\/zonaroja.com.mx\/index.php?rest_route=\/wp\/v2\/media\/52113"}],"wp:attachment":[{"href":"https:\/\/zonaroja.com.mx\/index.php?rest_route=%2Fwp%2Fv2%2Fmedia&parent=52112"}],"wp:term":[{"taxonomy":"category","embeddable":true,"href":"https:\/\/zonaroja.com.mx\/index.php?rest_route=%2Fwp%2Fv2%2Fcategories&post=52112"},{"taxonomy":"post_tag","embeddable":true,"href":"https:\/\/zonaroja.com.mx\/index.php?rest_route=%2Fwp%2Fv2%2Ftags&post=52112"}],"curies":[{"name":"wp","href":"https:\/\/api.w.org\/{rel}","templated":true}]}}