{"id":52115,"date":"2023-02-26T11:00:00","date_gmt":"2023-02-26T17:00:00","guid":{"rendered":"http:\/\/www.zonaroja.com.mx\/?p=52115"},"modified":"2023-02-26T07:27:53","modified_gmt":"2023-02-26T13:27:53","slug":"justicia-y-cese-a-la-violencia-contra-mujeres-e-infancias-exigen-las-ong","status":"publish","type":"post","link":"https:\/\/zonaroja.com.mx\/?p=52115","title":{"rendered":"Justicia y cese a la violencia contra mujeres e infancias, exigen las ONG"},"content":{"rendered":"\n<p>Yuridiana Sosa\/Zona Roja.<\/p>\n\n\n\n<p>Oaxaca de Ju\u00e1rez, Oax., a 25 de febrero de 2023.- Frente un aterrador escenario en el que la cifra de mujeres asesinadas no se detiene en Oaxaca y donde los homicidios dolosos han alcanzado a las infancias, organismos civiles que defienden derechos humanos exigen al gobierno de Salom\u00f3n Jara Cruz, justicia y alto a las violencias contra estos grupos.<\/p>\n\n\n\n<p>La cifra de feminicidios en Oaxaca pas\u00f3 de 718, con corte al 30 de noviembre, a 764 durante la nueva administraci\u00f3n del estado, entre el 1 de diciembre al 22 de febrero, lo que representa 1.8 asesinatos de mujeres cada d\u00eda.<\/p>\n\n\n\n<p>De los \u00faltimos nueve asesinatos en febrero, que hacen un total de 46 probables feminicidios en el sexenio actual, dos corresponden a mujeres menores de edad, una de nueve a\u00f1os y otra de 17 a\u00f1os de edad, y dos m\u00e1s ocurrido en enero, con un total de cuatro feminicidios contra ni\u00f1as.<\/p>\n\n\n\n<p>Junto a la ni\u00f1a de nueve a\u00f1os tambi\u00e9n fue asesinado su hermano de siete a\u00f1os de edad en Juchit\u00e1n de Zaragoza, localizados sin vida en un paraje a orilla de carretera; el reporte policial indic\u00f3 que fueron asfixiados, y por su crimen no hay detenidos.<\/p>\n\n\n\n<p>Mientras que en San Francisco Telixtlahuaca del distrito de Etla fue asesinado con arma blanca un adolescente de 13 a\u00f1os de edad cuando pastoreaba. En tanto que la joven de 17 a\u00f1os, perdi\u00f3 la vida en manos de su padre.<\/p>\n\n\n\n<p>Al n\u00famero de ni\u00f1as asesinadas en el actual gobierno se suman el de las hermanas Karina S. A., de siete a\u00f1os y Nahomi S. A. de tres a\u00f1os, quienes en enero murieron por las graves quemaduras que les ocasion\u00f3 el fuego provocado a su vivienda por su propio padre, en el municipio de Mat\u00edas Romero.<\/p>\n\n\n\n<p>EXIGEN JUSTICIA<\/p>\n\n\n\n<p>Por esos hechos, las asociaciones civiles que integran Consorcio Oaxaca alzaron la voz y condenaron los actos de violencia feminicida e infanticidios.<\/p>\n\n\n\n<p>\u201cExpresamos nuestra preocupaci\u00f3n por la creciente ola de violencia que se vive en Oaxaca. Exigimos al Gobierno de Oaxaca acciones contundentes que garanticen el derecho de las infancias y mujeres a una vida libre de violencia\u201d, se\u00f1alaron.<\/p>\n\n\n\n<p>\u201c\u00a1Exigimos un Oaxaca donde las infancias y mujeres vivamos una vida libre de violencia!\u201d, sentenci\u00f3 la organizaci\u00f3n civil.<\/p>\n\n\n\n<p>Muestra de la inseguridad y violencia en Oaxaca fue el hallazgo del cuerpo sin vida de una mujer en el basurero de Chahuites, en la regi\u00f3n del Istmo, la ma\u00f1ana del pasado 22 de febrero.<\/p>\n\n\n\n<p>La mujer fue identificada como Wendy Guadalupe P. C., de 28 a\u00f1os de edad, originaria de Cintalapa, Chiapas.<\/p>\n\n\n\n<p>Durante el primer mes del sexenio, diciembre, la organizaci\u00f3n registr\u00f3 13; enero, 24 y nueve hasta el corte del 22 de febrero.<\/p>\n","protected":false},"excerpt":{"rendered":"<p>Yuridiana Sosa\/Zona Roja. Oaxaca de Ju\u00e1rez, Oax., a 25 de febrero de 2023.- Frente un&hellip;<\/p>\n","protected":false},"author":2,"featured_media":39173,"comment_status":"closed","ping_status":"open","sticky":false,"template":"","format":"standard","meta":{"_lmt_disableupdate":"","_lmt_disable":"","_jetpack_memberships_contains_paid_content":false,"footnotes":""},"categories":[109,47],"tags":[1559],"class_list":["post-52115","post","type-post","status-publish","format-standard","has-post-thumbnail","hentry","category-minuto-a-minuto","category-zona-gris","tag-violencia-mujeres-oaxaca"],"jetpack_featured_media_url":"https:\/\/zonaroja.com.mx\/wp-content\/uploads\/2022\/03\/Feminicidios-Oaxaca-violencia-mujeres.jpg","jetpack_sharing_enabled":true,"_links":{"self":[{"href":"https:\/\/zonaroja.com.mx\/index.php?rest_route=\/wp\/v2\/posts\/52115","targetHints":{"allow":["GET"]}}],"collection":[{"href":"https:\/\/zonaroja.com.mx\/index.php?rest_route=\/wp\/v2\/posts"}],"about":[{"href":"https:\/\/zonaroja.com.mx\/index.php?rest_route=\/wp\/v2\/types\/post"}],"author":[{"embeddable":true,"href":"https:\/\/zonaroja.com.mx\/index.php?rest_route=\/wp\/v2\/users\/2"}],"replies":[{"embeddable":true,"href":"https:\/\/zonaroja.com.mx\/index.php?rest_route=%2Fwp%2Fv2%2Fcomments&post=52115"}],"version-history":[{"count":2,"href":"https:\/\/zonaroja.com.mx\/index.php?rest_route=\/wp\/v2\/posts\/52115\/revisions"}],"predecessor-version":[{"id":52122,"href":"https:\/\/zonaroja.com.mx\/index.php?rest_route=\/wp\/v2\/posts\/52115\/revisions\/52122"}],"wp:featuredmedia":[{"embeddable":true,"href":"https:\/\/zonaroja.com.mx\/index.php?rest_route=\/wp\/v2\/media\/39173"}],"wp:attachment":[{"href":"https:\/\/zonaroja.com.mx\/index.php?rest_route=%2Fwp%2Fv2%2Fmedia&parent=52115"}],"wp:term":[{"taxonomy":"category","embeddable":true,"href":"https:\/\/zonaroja.com.mx\/index.php?rest_route=%2Fwp%2Fv2%2Fcategories&post=52115"},{"taxonomy":"post_tag","embeddable":true,"href":"https:\/\/zonaroja.com.mx\/index.php?rest_route=%2Fwp%2Fv2%2Ftags&post=52115"}],"curies":[{"name":"wp","href":"https:\/\/api.w.org\/{rel}","templated":true}]}}