{"id":5212,"date":"2019-10-27T22:24:10","date_gmt":"2019-10-28T04:24:10","guid":{"rendered":"http:\/\/www.zonaroja.com.mx\/?p=5212"},"modified":"2019-10-27T22:24:13","modified_gmt":"2019-10-28T04:24:13","slug":"llegaran-a-la-capital-pobladores-de-jalapa-de-diaz-para-exigir-liberacion-de-edil","status":"publish","type":"post","link":"https:\/\/zonaroja.com.mx\/?p=5212","title":{"rendered":"Llegar\u00e1n a la capital pobladores de Jalapa de D\u00edaz para exigir liberaci\u00f3n de edil"},"content":{"rendered":"\n<p>Redacci\u00f3n\/Zona Roja.<\/p>\n\n\n\n<p>Oaxaca de Ju\u00e1rez, Oax., 28 de octubre\nde 2019.- Para exigir la excarcelaci\u00f3n de su presidente municipal, Arturo\nGarc\u00eda Vel\u00e1squez, pobladores de San Felipe Jalapa de D\u00edaz prev\u00e9n arribar este\nlunes a la capital y realizar protestas.<\/p>\n\n\n\n<p>As\u00ed lo acordaron en asamblea el s\u00e1bado por la tarde, en que convinieron en demandar a la Fiscal\u00eda General de la Rep\u00fablica y\/o a la Fiscal\u00eda General del Estado retire los cargos en contra del mun\u00edcipe, surgido del Partido Morena.<\/p>\n\n\n\n<figure class=\"wp-block-image\"><img decoding=\"async\" width=\"940\" height=\"741\" src=\"http:\/\/www.zonaroja.com.mx\/wp-content\/uploads\/2019\/10\/Edil-Jalapa-y-AMLO.jpg\" alt=\"\" class=\"wp-image-5214\" srcset=\"https:\/\/zonaroja.com.mx\/wp-content\/uploads\/2019\/10\/Edil-Jalapa-y-AMLO.jpg 940w, https:\/\/zonaroja.com.mx\/wp-content\/uploads\/2019\/10\/Edil-Jalapa-y-AMLO-300x236.jpg 300w, https:\/\/zonaroja.com.mx\/wp-content\/uploads\/2019\/10\/Edil-Jalapa-y-AMLO-768x605.jpg 768w, https:\/\/zonaroja.com.mx\/wp-content\/uploads\/2019\/10\/Edil-Jalapa-y-AMLO-585x461.jpg 585w\" sizes=\"(max-width: 940px) 100vw, 940px\" \/><\/figure>\n\n\n\n<p>Garc\u00eda Vel\u00e1squez fue aprehendido el\npasado jueves 24 de agosto por la madrugada, tras al menos seis cateos\nrealizados por fuerzas estatales y federales, incluyendo en su domicilio. En\ntotal fueron detenidas 10 personas, la mayor\u00eda acusada del delito de\ndesaparici\u00f3n de persona.<\/p>\n\n\n\n<p>En el caso del edil, la Fiscal\u00eda\nGeneral precis\u00f3 que se le hallaron armas de fuego y municipios sin permiso de\nportaci\u00f3n, por lo cual fue remitido a la Fiscal\u00eda General de la Rep\u00fablica.<\/p>\n\n\n\n<p>A cinco d\u00edas de los hechos, hasta ahora ninguna de las dos autoridades ministeriales ha dado a conocer la situaci\u00f3n del presidente municipal, como de las dem\u00e1s personas detenidas.<\/p>\n\n\n\n<figure class=\"wp-block-image\"><img decoding=\"async\" width=\"500\" height=\"617\" src=\"http:\/\/www.zonaroja.com.mx\/wp-content\/uploads\/2019\/10\/Edil-Jalapa-y-SSPO.jpg\" alt=\"\" class=\"wp-image-5215\" srcset=\"https:\/\/zonaroja.com.mx\/wp-content\/uploads\/2019\/10\/Edil-Jalapa-y-SSPO.jpg 500w, https:\/\/zonaroja.com.mx\/wp-content\/uploads\/2019\/10\/Edil-Jalapa-y-SSPO-243x300.jpg 243w\" sizes=\"(max-width: 500px) 100vw, 500px\" \/><\/figure>\n","protected":false},"excerpt":{"rendered":"<p>Redacci\u00f3n\/Zona Roja. Oaxaca de Ju\u00e1rez, Oax., 28 de octubre de 2019.- Para exigir la excarcelaci\u00f3n&hellip;<\/p>\n","protected":false},"author":2,"featured_media":5213,"comment_status":"closed","ping_status":"open","sticky":false,"template":"","format":"standard","meta":{"_lmt_disableupdate":"","_lmt_disable":"","_jetpack_memberships_contains_paid_content":false,"footnotes":""},"categories":[109,47],"tags":[930,580],"class_list":["post-5212","post","type-post","status-publish","format-standard","has-post-thumbnail","hentry","category-minuto-a-minuto","category-zona-gris","tag-arturo-garcia-velasquez","tag-san-felipe-jalapa-de-diaz"],"jetpack_featured_media_url":"https:\/\/zonaroja.com.mx\/wp-content\/uploads\/2019\/10\/Jalapa-de-D\u00edaz-4-2.jpg","jetpack_sharing_enabled":true,"_links":{"self":[{"href":"https:\/\/zonaroja.com.mx\/index.php?rest_route=\/wp\/v2\/posts\/5212","targetHints":{"allow":["GET"]}}],"collection":[{"href":"https:\/\/zonaroja.com.mx\/index.php?rest_route=\/wp\/v2\/posts"}],"about":[{"href":"https:\/\/zonaroja.com.mx\/index.php?rest_route=\/wp\/v2\/types\/post"}],"author":[{"embeddable":true,"href":"https:\/\/zonaroja.com.mx\/index.php?rest_route=\/wp\/v2\/users\/2"}],"replies":[{"embeddable":true,"href":"https:\/\/zonaroja.com.mx\/index.php?rest_route=%2Fwp%2Fv2%2Fcomments&post=5212"}],"version-history":[{"count":1,"href":"https:\/\/zonaroja.com.mx\/index.php?rest_route=\/wp\/v2\/posts\/5212\/revisions"}],"predecessor-version":[{"id":5216,"href":"https:\/\/zonaroja.com.mx\/index.php?rest_route=\/wp\/v2\/posts\/5212\/revisions\/5216"}],"wp:featuredmedia":[{"embeddable":true,"href":"https:\/\/zonaroja.com.mx\/index.php?rest_route=\/wp\/v2\/media\/5213"}],"wp:attachment":[{"href":"https:\/\/zonaroja.com.mx\/index.php?rest_route=%2Fwp%2Fv2%2Fmedia&parent=5212"}],"wp:term":[{"taxonomy":"category","embeddable":true,"href":"https:\/\/zonaroja.com.mx\/index.php?rest_route=%2Fwp%2Fv2%2Fcategories&post=5212"},{"taxonomy":"post_tag","embeddable":true,"href":"https:\/\/zonaroja.com.mx\/index.php?rest_route=%2Fwp%2Fv2%2Ftags&post=5212"}],"curies":[{"name":"wp","href":"https:\/\/api.w.org\/{rel}","templated":true}]}}