{"id":52125,"date":"2023-02-26T07:48:20","date_gmt":"2023-02-26T13:48:20","guid":{"rendered":"http:\/\/www.zonaroja.com.mx\/?p=52125"},"modified":"2023-02-26T07:48:22","modified_gmt":"2023-02-26T13:48:22","slug":"liberan-a-cinco-retenidos-en-santiago-atitlan-oaxaca","status":"publish","type":"post","link":"https:\/\/zonaroja.com.mx\/?p=52125","title":{"rendered":"Liberan a cinco retenidos en Santiago Atitl\u00e1n, Oaxaca"},"content":{"rendered":"\n<p>Redacci\u00f3n\/Zona Roja.<\/p>\n\n\n\n<p>Oaxaca de Ju\u00e1rez, Oax., a 26 de febrero de 2023.- Cinco personas que hab\u00edan sido retenidas desde la madrugada de ayer en Santiago Atitl\u00e1n, Oaxaca, fueron liberadas en las primeras horas de este domingo.&nbsp;<\/p>\n\n\n\n<p>Lo anterior debido a un conflicto que enfrenta por la elecci\u00f3n de sus autoridades municipales.<\/p>\n\n\n\n<p>En un comunicado, el Gobierno del Estado confirm\u00f3 la liberaci\u00f3n de quiebes se encontraban retenidos en la c\u00e1rcel, \u201cderivado de la problem\u00e1tica interna registrada en esta localidad de la sierra Mixe\u201d.<\/p>\n\n\n\n<p>Indic\u00f3 que ante la inestabilidad social registrada en este municipio por los representantes de dos grupos que se autodenominan autoridades comunitarias y se disputan el control del palacio de Santiago Atitl\u00e1n, la Secretar\u00eda de Gobierno entabl\u00f3 una mesa de negociaci\u00f3n en San Pedro y San Pablo Ayutla Mixe, que permiti\u00f3 la liberaci\u00f3n de los ciudadanos, quienes son habitantes de la misma poblaci\u00f3n.<\/p>\n\n\n\n<p>Tambi\u00e9n se logr\u00f3 restablecer el servicio de energ\u00eda el\u00e9ctrica que se les hab\u00eda cortado a las y los simpatizantes de uno de los grupos.<\/p>\n\n\n\n<p>\u201cDe esta manera se busca establecer una nueva mesa de trabajo con ambos bloques, este domingo 26 de febrero. Cabe destacar que los representantes comunitarios habr\u00edan firmado anteriormente un acuerdo de civilidad, pero no la han respetado\u201d, indic\u00f3.<\/p>\n","protected":false},"excerpt":{"rendered":"<p>Redacci\u00f3n\/Zona Roja. Oaxaca de Ju\u00e1rez, Oax., a 26 de febrero de 2023.- Cinco personas que&hellip;<\/p>\n","protected":false},"author":2,"featured_media":52126,"comment_status":"closed","ping_status":"open","sticky":false,"template":"","format":"standard","meta":{"_lmt_disableupdate":"","_lmt_disable":"","_jetpack_memberships_contains_paid_content":false,"footnotes":""},"categories":[109,47],"tags":[2233],"class_list":["post-52125","post","type-post","status-publish","format-standard","has-post-thumbnail","hentry","category-minuto-a-minuto","category-zona-gris","tag-santiago-atitlan"],"jetpack_featured_media_url":"https:\/\/zonaroja.com.mx\/wp-content\/uploads\/2023\/02\/Santiago-Atitlan-Oaxaca-Oax.jpeg","jetpack_sharing_enabled":true,"_links":{"self":[{"href":"https:\/\/zonaroja.com.mx\/index.php?rest_route=\/wp\/v2\/posts\/52125","targetHints":{"allow":["GET"]}}],"collection":[{"href":"https:\/\/zonaroja.com.mx\/index.php?rest_route=\/wp\/v2\/posts"}],"about":[{"href":"https:\/\/zonaroja.com.mx\/index.php?rest_route=\/wp\/v2\/types\/post"}],"author":[{"embeddable":true,"href":"https:\/\/zonaroja.com.mx\/index.php?rest_route=\/wp\/v2\/users\/2"}],"replies":[{"embeddable":true,"href":"https:\/\/zonaroja.com.mx\/index.php?rest_route=%2Fwp%2Fv2%2Fcomments&post=52125"}],"version-history":[{"count":1,"href":"https:\/\/zonaroja.com.mx\/index.php?rest_route=\/wp\/v2\/posts\/52125\/revisions"}],"predecessor-version":[{"id":52127,"href":"https:\/\/zonaroja.com.mx\/index.php?rest_route=\/wp\/v2\/posts\/52125\/revisions\/52127"}],"wp:featuredmedia":[{"embeddable":true,"href":"https:\/\/zonaroja.com.mx\/index.php?rest_route=\/wp\/v2\/media\/52126"}],"wp:attachment":[{"href":"https:\/\/zonaroja.com.mx\/index.php?rest_route=%2Fwp%2Fv2%2Fmedia&parent=52125"}],"wp:term":[{"taxonomy":"category","embeddable":true,"href":"https:\/\/zonaroja.com.mx\/index.php?rest_route=%2Fwp%2Fv2%2Fcategories&post=52125"},{"taxonomy":"post_tag","embeddable":true,"href":"https:\/\/zonaroja.com.mx\/index.php?rest_route=%2Fwp%2Fv2%2Ftags&post=52125"}],"curies":[{"name":"wp","href":"https:\/\/api.w.org\/{rel}","templated":true}]}}