{"id":52131,"date":"2023-02-26T18:28:34","date_gmt":"2023-02-27T00:28:34","guid":{"rendered":"http:\/\/www.zonaroja.com.mx\/?p=52131"},"modified":"2023-02-26T18:28:36","modified_gmt":"2023-02-27T00:28:36","slug":"no-paran-las-ejecuciones-a-balazos-en-oaxaca-hoy-en-carretera-al-istmo","status":"publish","type":"post","link":"https:\/\/zonaroja.com.mx\/?p=52131","title":{"rendered":"No paran las ejecuciones a balazos en Oaxaca; hoy en carretera al Istmo"},"content":{"rendered":"\n<p>Ismael Garc\u00eda M.\/Zona Roja.<\/p>\n\n\n\n<p>Oaxaca de Ju\u00e1rez, Oax., a 26 de febrero de 2023.- La ola criminal sigue sin freno en Oaxaca.<\/p>\n\n\n\n<p>La tarde de este domingo, un individuo fue ejecutado a balazos cuando transitaba en su motocicleta sobre la carretera federal 190 Oaxaca-Istmo, en jurisdicci\u00f3n de San Mateo Macuilx\u00f3chitl.<\/p>\n\n\n\n<p>Presuntamente sujetos a bordo tambi\u00e9n de una moto le dieron alcance y le dispararon por la espalda y al salirse la v\u00edctima con su unidad de la cinta asf\u00e1ltica, fue rematado con otro tiro en el pecho.<\/p>\n\n\n\n<p>Los hechos ocurrieron alrededor de las 15:00 horas y los automovilistas alertaron a las corporaciones policiacas de un individuo derrapado en su moto, tras lo cual arribaron param\u00e9dicos de la Cruz Roja Mexicana, delegaci\u00f3n Tlacolula.<\/p>\n\n\n\n<p>Sin embargo, corroboraron que ya no contaba con signos vitales, pues presentaba al menos tres impactos de bala. De manera preliminar fue identificado como Adri\u00e1n L. M., de 27 a\u00f1os de edad.<\/p>\n\n\n\n<p>Personal de la Fiscal\u00eda General del Estado de Oaxaca contin\u00faa en la zona, aproximadamente en el kil\u00f3metro 22 de la v\u00eda federal, para realizar los peritajes correspondientes; en el lugar se encuentra una motocicleta con placas de circulaci\u00f3n 84SRT4 del estado de Oaxaca.<\/p>\n\n\n\n<p>El hoy occiso vest\u00eda un pantal\u00f3n de mezclilla, tenis negros, una playera negra; portaba casco y una mochila en la espalda.&nbsp;<\/p>\n","protected":false},"excerpt":{"rendered":"<p>Ismael Garc\u00eda M.\/Zona Roja. Oaxaca de Ju\u00e1rez, Oax., a 26 de febrero de 2023.- La&hellip;<\/p>\n","protected":false},"author":2,"featured_media":52134,"comment_status":"closed","ping_status":"open","sticky":false,"template":"","format":"standard","meta":{"_lmt_disableupdate":"","_lmt_disable":"","_jetpack_memberships_contains_paid_content":false,"footnotes":""},"categories":[109,51],"tags":[1617],"class_list":["post-52131","post","type-post","status-publish","format-standard","has-post-thumbnail","hentry","category-minuto-a-minuto","category-zona-roja","tag-san-mateo-macuilxochitl"],"jetpack_featured_media_url":"https:\/\/zonaroja.com.mx\/wp-content\/uploads\/2023\/02\/Ejecutado-carretera-federal-190-Macuilxochitl.jpg","jetpack_sharing_enabled":true,"_links":{"self":[{"href":"https:\/\/zonaroja.com.mx\/index.php?rest_route=\/wp\/v2\/posts\/52131","targetHints":{"allow":["GET"]}}],"collection":[{"href":"https:\/\/zonaroja.com.mx\/index.php?rest_route=\/wp\/v2\/posts"}],"about":[{"href":"https:\/\/zonaroja.com.mx\/index.php?rest_route=\/wp\/v2\/types\/post"}],"author":[{"embeddable":true,"href":"https:\/\/zonaroja.com.mx\/index.php?rest_route=\/wp\/v2\/users\/2"}],"replies":[{"embeddable":true,"href":"https:\/\/zonaroja.com.mx\/index.php?rest_route=%2Fwp%2Fv2%2Fcomments&post=52131"}],"version-history":[{"count":1,"href":"https:\/\/zonaroja.com.mx\/index.php?rest_route=\/wp\/v2\/posts\/52131\/revisions"}],"predecessor-version":[{"id":52135,"href":"https:\/\/zonaroja.com.mx\/index.php?rest_route=\/wp\/v2\/posts\/52131\/revisions\/52135"}],"wp:featuredmedia":[{"embeddable":true,"href":"https:\/\/zonaroja.com.mx\/index.php?rest_route=\/wp\/v2\/media\/52134"}],"wp:attachment":[{"href":"https:\/\/zonaroja.com.mx\/index.php?rest_route=%2Fwp%2Fv2%2Fmedia&parent=52131"}],"wp:term":[{"taxonomy":"category","embeddable":true,"href":"https:\/\/zonaroja.com.mx\/index.php?rest_route=%2Fwp%2Fv2%2Fcategories&post=52131"},{"taxonomy":"post_tag","embeddable":true,"href":"https:\/\/zonaroja.com.mx\/index.php?rest_route=%2Fwp%2Fv2%2Ftags&post=52131"}],"curies":[{"name":"wp","href":"https:\/\/api.w.org\/{rel}","templated":true}]}}