{"id":52140,"date":"2023-02-27T09:55:00","date_gmt":"2023-02-27T15:55:00","guid":{"rendered":"http:\/\/www.zonaroja.com.mx\/?p=52140"},"modified":"2023-02-27T15:17:54","modified_gmt":"2023-02-27T21:17:54","slug":"opinion-en-donde-quedo-el-modelooaxaca-que-presumio-murat","status":"publish","type":"post","link":"https:\/\/zonaroja.com.mx\/?p=52140","title":{"rendered":"Opini\u00f3n. \u00bfEn d\u00f3nde qued\u00f3 el #ModeloOaxaca que presumi\u00f3 Murat?"},"content":{"rendered":"\n<p>Ismael Garc\u00eda M.\/Zona Roja.<\/p>\n\n\n\n<p>Oaxaca de Ju\u00e1rez, Oax., a 26 de febrero de 2023.- \u201c\u2018La democracia es el destino de la humanidad; la libertad su brazo indestructible\u2019. Benito Ju\u00e1rez\u201d. Con esa tibieza, y hasta con temor, se pronunci\u00f3 Alejandro Murat Hinojosa este domingo respecto a la megamovilizaci\u00f3n en la Ciudad de M\u00e9xico contra la reforma electoral y contra el gobierno de Andr\u00e9s Manuel L\u00f3pez Obrador.<\/p>\n\n\n\n<p>Y con esa tibieza, y temor, el exgobernador originario del Estado de M\u00e9xico recorre algunas entidades del norte del pa\u00eds, donde no ha logrado juntar m\u00e1s de un centenar de personas.&nbsp;<\/p>\n\n\n\n<p>Donde, por supuesto, ya se olvid\u00f3 su #ModeloOaxaca de gobierno y ahora retoma otra frase propagand\u00edstica: #PiensaAM\u00e9xico, que nadie sabe qu\u00e9 quiere decir.<\/p>\n\n\n\n<p>Su esposa, Ivette Mor\u00e1n de Murat, lo ha acompa\u00f1ado en algunas ocasiones, ya sin usar las prendas aut\u00f3ctonas de Oaxaca, que tambi\u00e9n ya arrumb\u00f3 en el cl\u00f3set y su tienda Moravi pronto cerrar\u00e1 en la capital del estado.<\/p>\n\n\n\n<p>Ella ahora invent\u00f3 un #CafecitoConIvette, en que no re\u00fane a veinte \u201cdamas de la sociedad\u201d, como lo hizo recientemente en Quer\u00e9taro.<\/p>\n\n\n\n<p>\u00bfA qu\u00e9 apuesta Alejandro Murat ya sin los millones del erario estatal? Bueno, tiene reservas para su supuesta precampa\u00f1a y campa\u00f1a pol\u00edtica\u2026 pero no est\u00e1 en los \u00e1nimos de Alejandro Moreno C\u00e1rdenas, dirigente nacional del PRI, que negociar\u00e1 su sobrevivencia de lo poco que queda del partido, al PRD y al PAN.<\/p>\n\n\n\n<p>Quienes fueron funcionarios priistas en Oaxaca el sexenio anterior, prefieren no aparecer y lo abandonado; mientras un grupo cerrado, encabezado por Alejandro Avil\u00e9s, ya se apoder\u00f3 del partido y realiza paulatinamente una depuraci\u00f3n de quienes en su momento se volcaron a favor de Morena, en franca traici\u00f3n al PRI.<\/p>\n\n\n\n<p>RECORRIDOS GRISES<\/p>\n\n\n\n<p>Tras dejar el cargo, el 30 de noviembre pasado, el hijo de Jos\u00e9 Murat Casab se tom\u00f3 casi dos meses de vacaciones al estilo millonario, esquiando y escalando monta\u00f1as nevadas, y descansando en una lujosa mansi\u00f3n, en zona boscosa de su entidad natal.<\/p>\n\n\n\n<p>A principios de febrero inici\u00f3 su periplo, en que por supuesto no ha tenido el respaldo de los priistas; con p\u00e9sima planeaci\u00f3n, pues escogi\u00f3 entidades del norte del pa\u00eds donde es mayoritaria la militancia panista.<\/p>\n\n\n\n<p>El 7 de febrero difundi\u00f3 en sus redes sociales una fotograf\u00eda de una reuni\u00f3n con Alejandro Moreno, dirigente nacional priista, a quien le inform\u00f3 de su iniciativa pol\u00edtica; \u00e9ste \u00fanicamente le dese\u00f3 suerte.<\/p>\n\n\n\n<p>Los recorridos los inici\u00f3 en Sonora, luego fue a Nuevo Le\u00f3n, estuvo en Chihuahua y la semana pasada fue a Baja California, donde lo reciben algunas personas, sin amplia representaci\u00f3n social o pol\u00edtica.<\/p>\n\n\n\n<p>Con oportunidad para reunirse con los migrantes, no busc\u00f3 a los oaxaque\u00f1os, que pueblan diversas entidades del norte del pa\u00eds, principalmente Baja California, quienes desde hace muchos a\u00f1os salieron de su estado por falta de oportunidades para el desarrollo de sus familias.<\/p>\n\n\n\n<p>Sus temas de propuesta son escasos, a lo mucho la propuesta de una reforma \u201ca ley de delincuencia organizada y sistema procesal penal acusatorio para acabar con la impunidad\u201d, lo que no hizo en su sexenio.<\/p>\n\n\n\n<p>Eso s\u00ed, el tema de combate a la pobreza ha estado ausente de sus discursos en las \u00faltimas semanas, pues est\u00e1 m\u00e1s&nbsp;que corroborado por cifras oficiales los nulos avances en este rubro.<\/p>\n\n\n\n<p>Tampoco el de combate a la corrupci\u00f3n, pues en la entidad que gobern\u00f3 se mantienen m\u00faltiples denuncias de irregularidades y desv\u00edos de recursos, principalmente cometidos en dependencias en que estuvieron encargados originarios del Estado de M\u00e9xico, entre ellos Sinfra.<\/p>\n\n\n\n<p>Acaso en Tijuana, se atrevi\u00f3 a opinar respecto al juicio a Genaro Garc\u00eda Luna:&nbsp;<\/p>\n\n\n\n<p>\u201cCondenamos el hecho de que no se haya podido llevar a cabo un proceso judicial que le demuestre a M\u00e9xico y al mundo que aqu\u00ed tambi\u00e9n puede haber penas a aquellos que violan la ley, como el caso de Garc\u00eda Luna. Es vergonzoso para M\u00e9xico que la resoluci\u00f3n haya sido emitida fuera del pa\u00eds, en Estados Unidos, lo que demuestra que en M\u00e9xico no tenemos s\u00f3lidos sistemas para poder procesar, por eso est\u00e1n los niveles m\u00e1s altos de impunidad\u201d, dijo al medio Uniradio Informa.<\/p>\n\n\n\n<p>Precisamente lo que considera su \u201cfortaleza\u201d es la presencia medi\u00e1tica, pero \u00e9sta se ha reducido significativamente, tras detenerse la inversi\u00f3n multimillonaria; s\u00f3lo algunos medios con quien mantiene compromisos, de vez en cuando le publican alguna informaci\u00f3n irrelevante.<\/p>\n\n\n\n<p>En Oaxaca, ya no se le menciona de manera positiva, m\u00e1s que se le critica las m\u00faltiples irregularidades y probables actos de corrupci\u00f3n que dej\u00f3 a su paso.<\/p>\n\n\n\n<p>Por ahora, en su solitaria aventura no tiene m\u00e1s apoyo que el de la Fundaci\u00f3n Colosio que a\u00fan encabeza su padre.<\/p>\n\n\n\n<p>PESADA LOSA<\/p>\n\n\n\n<p>El pasado persigue y perseguir\u00e1 a Alejandro Murat, aunque sea medi\u00e1nicamente, justamente el \u00fanico terreno donde pretende posicionarse.<\/p>\n\n\n\n<p>Apenas la semana pasada, la Auditor\u00eda Superior de la Federaci\u00f3n dio a conocer los resultados de sus indagatorias a los recursos p\u00fablicos federales y en el caso de Oaxaca, durante el a\u00f1o 2021 detect\u00f3 irregularidades financieras por mil 169 millones de pesos.<\/p>\n\n\n\n<p>Con esos resultados en el quinto a\u00f1o de gobierno de Murat, la entidad se coloc\u00f3 en el lugar n\u00famero 12 con m\u00e1s montos irregulares observados.<\/p>\n\n\n\n<p>Y los se\u00f1alamientos contin\u00faan saliendo con amagos verbales por parte del gobernador Salom\u00f3n Jara Cruz, quien ha dicho que siguen las investigaciones respecto a m\u00faltiples irregularidades.<\/p>\n\n\n\n<p>Cifras recientes del Consejo Nacional de Evaluaci\u00f3n de la Pol\u00edtica Social han revelado que Oaxaca sigue siendo uno de los estados m\u00e1s pobres del pa\u00eds, sin avances al combate a este flagelo.<\/p>\n\n\n\n<p>Y del poco priismo que dej\u00f3, muchos contin\u00faan sus propias rutas y otros buscan asilo en otros partidos.<\/p>\n\n\n\n<p>Por ejemplo, Eviel P\u00e9rez Maga\u00f1a retomar\u00e1 en breve sus actividades pero a ahora a favor de quienes han sido marginados por la llamada Cuarta Transformaci\u00f3n, minimizando su participaci\u00f3n en el  gobierno de Salom\u00f3n Jara, y va por fortalecer el Partido Movimiento Ciudadano.<\/p>\n\n\n\n<p>Como ya se dijo, el cisma en el PRI contin\u00faa, con la dupla Javier Villaca\u00f1a-Alejandro Avil\u00e9s, que ahora van contra los verdeecologistas que se han refugiado en Morena, entre ellos el a\u00fan senador Ra\u00fal Bola\u00f1os Cacho Cu\u00e9.<\/p>\n\n\n\n<p>Y lo hacen con la intenci\u00f3n de minarlos y acabar con el PVEM en Oaxaca, pues ya saben que por ahora es la \u00fanica esperanza de Alejandro Murat para sobrevivir pol\u00edticamente.<\/p>\n\n\n\n<p>Salvo la furtiva visita que hizo en diciembre a Ejutla de Crespo, para apadrinar a la hija de la diputada panista Natividad D\u00edaz Jim\u00e9nez, no se ve por ning\u00fan lado que Murat pueda regresar a Oaxaca a hacer proselitismo, frente al desastroso partido que dej\u00f3; frente a los grises resultados de su gesti\u00f3n.<\/p>\n\n\n\n<p>Y Salom\u00f3n Jara no dejar\u00e1 de se\u00f1alar medi\u00e1ticamente a Alejandro Murat, a\u00fan cuando tenga la orden de no proceder judicial o administrativamente por las m\u00faltiples irregularidades.<\/p>\n\n\n\n<p>El ex gobernador de Oaxaca sigue creyendo que Andr\u00e9s Manuel L\u00f3pez Obrador es su tabla de salvaci\u00f3n-protecci\u00f3n, pero ya se acerca el relevo sexenal y ni el mism\u00edsimo Presidente le augura m\u00e1s impunidad.<\/p>\n","protected":false},"excerpt":{"rendered":"<p>Ismael Garc\u00eda M.\/Zona Roja. Oaxaca de Ju\u00e1rez, Oax., a 26 de febrero de 2023.- \u201c\u2018La&hellip;<\/p>\n","protected":false},"author":2,"featured_media":41735,"comment_status":"closed","ping_status":"open","sticky":false,"template":"","format":"standard","meta":{"_lmt_disableupdate":"","_lmt_disable":"","_jetpack_memberships_contains_paid_content":false,"footnotes":""},"categories":[456,109],"tags":[1353],"class_list":["post-52140","post","type-post","status-publish","format-standard","has-post-thumbnail","hentry","category-columna","category-minuto-a-minuto","tag-opinion-zona-critica"],"jetpack_featured_media_url":"https:\/\/zonaroja.com.mx\/wp-content\/uploads\/2022\/05\/Opinion-Ismael-Garcia-M.jpg","jetpack_sharing_enabled":true,"_links":{"self":[{"href":"https:\/\/zonaroja.com.mx\/index.php?rest_route=\/wp\/v2\/posts\/52140","targetHints":{"allow":["GET"]}}],"collection":[{"href":"https:\/\/zonaroja.com.mx\/index.php?rest_route=\/wp\/v2\/posts"}],"about":[{"href":"https:\/\/zonaroja.com.mx\/index.php?rest_route=\/wp\/v2\/types\/post"}],"author":[{"embeddable":true,"href":"https:\/\/zonaroja.com.mx\/index.php?rest_route=\/wp\/v2\/users\/2"}],"replies":[{"embeddable":true,"href":"https:\/\/zonaroja.com.mx\/index.php?rest_route=%2Fwp%2Fv2%2Fcomments&post=52140"}],"version-history":[{"count":4,"href":"https:\/\/zonaroja.com.mx\/index.php?rest_route=\/wp\/v2\/posts\/52140\/revisions"}],"predecessor-version":[{"id":52169,"href":"https:\/\/zonaroja.com.mx\/index.php?rest_route=\/wp\/v2\/posts\/52140\/revisions\/52169"}],"wp:featuredmedia":[{"embeddable":true,"href":"https:\/\/zonaroja.com.mx\/index.php?rest_route=\/wp\/v2\/media\/41735"}],"wp:attachment":[{"href":"https:\/\/zonaroja.com.mx\/index.php?rest_route=%2Fwp%2Fv2%2Fmedia&parent=52140"}],"wp:term":[{"taxonomy":"category","embeddable":true,"href":"https:\/\/zonaroja.com.mx\/index.php?rest_route=%2Fwp%2Fv2%2Fcategories&post=52140"},{"taxonomy":"post_tag","embeddable":true,"href":"https:\/\/zonaroja.com.mx\/index.php?rest_route=%2Fwp%2Fv2%2Ftags&post=52140"}],"curies":[{"name":"wp","href":"https:\/\/api.w.org\/{rel}","templated":true}]}}