{"id":52154,"date":"2023-02-27T08:37:31","date_gmt":"2023-02-27T14:37:31","guid":{"rendered":"http:\/\/www.zonaroja.com.mx\/?p=52154"},"modified":"2023-02-27T08:37:33","modified_gmt":"2023-02-27T14:37:33","slug":"denuncian-negligente-atencion-a-bebe-en-hospital-de-salina-cruz","status":"publish","type":"post","link":"https:\/\/zonaroja.com.mx\/?p=52154","title":{"rendered":"Denuncian negligente atenci\u00f3n a beb\u00e9 en hospital de Salina Cruz."},"content":{"rendered":"\n<p>Redacci\u00f3n\/Zona Roja.<\/p>\n\n\n\n<p>Oaxaca de Ju\u00e1rez, Oax., a 27 de febrero de 2023.- Una familia de escasos recursos econ\u00f3micos denunci\u00f3 negligencia en la atenci\u00f3n m\u00e9dica en el hospital de especialidades de Salina Cruz, dependiente de los Servicios de Salud de Oaxaca (SSO).<\/p>\n\n\n\n<p>\u201cQu\u00e9 impotencia, est\u00e1n d\u00e1ndole de alta involuntaria a No\u00e9, por no tener los recursos, diciendo que s\u00f3lo se aprovechan para las tres comidas al d\u00eda, \u00a1que inhumano es el doctor!\u201d, dieron a conocer a trav\u00e9s de las redes sociales.<\/p>\n\n\n\n<p>Denunciaron que una trabajadora de nombre Victoria les dijo que regresen al hospital cuando el beb\u00e9 empeore de salud, pues por ahora no requer\u00eda mayor atenci\u00f3n m\u00e9dica.<\/p>\n\n\n\n<p>Ello a pesar de que No\u00e9, de cuatro a\u00f1os de edad, presenta una hernia en el ombligo, que le causa un fuerte dolor, adem\u00e1s de tener problemas cardiacos y viduales.<\/p>\n\n\n\n<p>\u201c\u00bfQue clase de m\u00e9dicos son?&nbsp;La se\u00f1ora regresar\u00e1 a Huatulco con el peque\u00f1o No\u00e9. \u00c9l est\u00e1 cargo de su abuelita Victoria de la Cruz Aguilar, una persona mayor de edad de bajos recursos, qui\u00e9n necesita nuestra ayuda como sociedad\u201d, difundieron.<\/p>\n","protected":false},"excerpt":{"rendered":"<p>Redacci\u00f3n\/Zona Roja. Oaxaca de Ju\u00e1rez, Oax., a 27 de febrero de 2023.- Una familia de&hellip;<\/p>\n","protected":false},"author":2,"featured_media":52143,"comment_status":"closed","ping_status":"open","sticky":false,"template":"","format":"standard","meta":{"_lmt_disableupdate":"","_lmt_disable":"","_jetpack_memberships_contains_paid_content":false,"footnotes":""},"categories":[109,47],"tags":[1005],"class_list":["post-52154","post","type-post","status-publish","format-standard","has-post-thumbnail","hentry","category-minuto-a-minuto","category-zona-gris","tag-servicios-de-salud-de-oaxaca-sso"],"jetpack_featured_media_url":"https:\/\/zonaroja.com.mx\/wp-content\/uploads\/2023\/02\/Menor-de-edad-desatendido-Salina-Cruz-hospital.jpg","jetpack_sharing_enabled":true,"_links":{"self":[{"href":"https:\/\/zonaroja.com.mx\/index.php?rest_route=\/wp\/v2\/posts\/52154","targetHints":{"allow":["GET"]}}],"collection":[{"href":"https:\/\/zonaroja.com.mx\/index.php?rest_route=\/wp\/v2\/posts"}],"about":[{"href":"https:\/\/zonaroja.com.mx\/index.php?rest_route=\/wp\/v2\/types\/post"}],"author":[{"embeddable":true,"href":"https:\/\/zonaroja.com.mx\/index.php?rest_route=\/wp\/v2\/users\/2"}],"replies":[{"embeddable":true,"href":"https:\/\/zonaroja.com.mx\/index.php?rest_route=%2Fwp%2Fv2%2Fcomments&post=52154"}],"version-history":[{"count":1,"href":"https:\/\/zonaroja.com.mx\/index.php?rest_route=\/wp\/v2\/posts\/52154\/revisions"}],"predecessor-version":[{"id":52155,"href":"https:\/\/zonaroja.com.mx\/index.php?rest_route=\/wp\/v2\/posts\/52154\/revisions\/52155"}],"wp:featuredmedia":[{"embeddable":true,"href":"https:\/\/zonaroja.com.mx\/index.php?rest_route=\/wp\/v2\/media\/52143"}],"wp:attachment":[{"href":"https:\/\/zonaroja.com.mx\/index.php?rest_route=%2Fwp%2Fv2%2Fmedia&parent=52154"}],"wp:term":[{"taxonomy":"category","embeddable":true,"href":"https:\/\/zonaroja.com.mx\/index.php?rest_route=%2Fwp%2Fv2%2Fcategories&post=52154"},{"taxonomy":"post_tag","embeddable":true,"href":"https:\/\/zonaroja.com.mx\/index.php?rest_route=%2Fwp%2Fv2%2Ftags&post=52154"}],"curies":[{"name":"wp","href":"https:\/\/api.w.org\/{rel}","templated":true}]}}