{"id":52158,"date":"2023-02-27T09:30:00","date_gmt":"2023-02-27T15:30:00","guid":{"rendered":"http:\/\/www.zonaroja.com.mx\/?p=52158"},"modified":"2023-02-27T09:40:49","modified_gmt":"2023-02-27T15:40:49","slug":"p1-11","status":"publish","type":"post","link":"https:\/\/zonaroja.com.mx\/?p=52158","title":{"rendered":"Linchan a dos personas en comunidad de la Sierra Ju\u00e1rez de Oaxaca"},"content":{"rendered":"\n<p>Ismael Garc\u00eda M.\/Zona Roja.&nbsp;<\/p>\n\n\n\n<p>Oaxaca de Ju\u00e1rez, Oax., a 27 de febrero de 2023.- Dos personas del sexo masculino fueron linchadas con fuego anoche y dos m\u00e1s, entre ellas una mujer, resultaron lesionada de bala, en San Juan Atepec, municipio de la regi\u00f3n Sierra Ju\u00e1rez de Oaxaca. <\/p>\n\n\n\n<p>Desde anoche, personal de la Guardia Nacional fue alertado acerca de los hechos de violencia en dicha comunidad, pero no dejaron que intervinieran y los corrieron. <\/p>\n\n\n\n<p>Fue alrededor de las 22:00 horas en que los castrenses arribaron al sitio tras la llamada del s\u00edndico de Atepec, pero les impidieron el paso a un domicilio donde fueron quemadas vivas dos personas, identificadas de manera preliminar como Diego \u201cN\u201d y Daniel \u201cN\u201d. <\/p>\n\n\n\n<p>Previo a ello, fueron lesionados por dispares de arma de fuego los se\u00f1ores Jes\u00fas V. B. P. y Susana V. G., quienes fueron trasladados a un hospital.<\/p>\n\n\n\n<p>Presuntamente los responsables de la agresi\u00f3n armada fueron las hoy v\u00edctimas de linchamiento.&nbsp;<\/p>\n\n\n\n<p>La Fiscal\u00eda General del Estado envi\u00f3 de inmediato personal a la zona pero hasta ahora no ha podido iniciar las indagatoria por impedimento de la poblaci\u00f3n. <\/p>\n","protected":false},"excerpt":{"rendered":"<p>Ismael Garc\u00eda M.\/Zona Roja.&nbsp; Oaxaca de Ju\u00e1rez, Oax., a 27 de febrero de 2023.- Dos&hellip;<\/p>\n","protected":false},"author":2,"featured_media":52165,"comment_status":"closed","ping_status":"open","sticky":false,"template":"","format":"standard","meta":{"_lmt_disableupdate":"","_lmt_disable":"","_jetpack_memberships_contains_paid_content":false,"footnotes":""},"categories":[109,51],"tags":[],"class_list":["post-52158","post","type-post","status-publish","format-standard","has-post-thumbnail","hentry","category-minuto-a-minuto","category-zona-roja"],"jetpack_featured_media_url":"https:\/\/zonaroja.com.mx\/wp-content\/uploads\/2023\/02\/San-Juan-Atepec-.jpeg","jetpack_sharing_enabled":true,"_links":{"self":[{"href":"https:\/\/zonaroja.com.mx\/index.php?rest_route=\/wp\/v2\/posts\/52158","targetHints":{"allow":["GET"]}}],"collection":[{"href":"https:\/\/zonaroja.com.mx\/index.php?rest_route=\/wp\/v2\/posts"}],"about":[{"href":"https:\/\/zonaroja.com.mx\/index.php?rest_route=\/wp\/v2\/types\/post"}],"author":[{"embeddable":true,"href":"https:\/\/zonaroja.com.mx\/index.php?rest_route=\/wp\/v2\/users\/2"}],"replies":[{"embeddable":true,"href":"https:\/\/zonaroja.com.mx\/index.php?rest_route=%2Fwp%2Fv2%2Fcomments&post=52158"}],"version-history":[{"count":2,"href":"https:\/\/zonaroja.com.mx\/index.php?rest_route=\/wp\/v2\/posts\/52158\/revisions"}],"predecessor-version":[{"id":52167,"href":"https:\/\/zonaroja.com.mx\/index.php?rest_route=\/wp\/v2\/posts\/52158\/revisions\/52167"}],"wp:featuredmedia":[{"embeddable":true,"href":"https:\/\/zonaroja.com.mx\/index.php?rest_route=\/wp\/v2\/media\/52165"}],"wp:attachment":[{"href":"https:\/\/zonaroja.com.mx\/index.php?rest_route=%2Fwp%2Fv2%2Fmedia&parent=52158"}],"wp:term":[{"taxonomy":"category","embeddable":true,"href":"https:\/\/zonaroja.com.mx\/index.php?rest_route=%2Fwp%2Fv2%2Fcategories&post=52158"},{"taxonomy":"post_tag","embeddable":true,"href":"https:\/\/zonaroja.com.mx\/index.php?rest_route=%2Fwp%2Fv2%2Ftags&post=52158"}],"curies":[{"name":"wp","href":"https:\/\/api.w.org\/{rel}","templated":true}]}}