{"id":52160,"date":"2023-02-27T17:46:00","date_gmt":"2023-02-27T23:46:00","guid":{"rendered":"http:\/\/www.zonaroja.com.mx\/?p=52160"},"modified":"2023-02-27T19:11:09","modified_gmt":"2023-02-28T01:11:09","slug":"p2-11","status":"publish","type":"post","link":"https:\/\/zonaroja.com.mx\/?p=52160","title":{"rendered":"Lunes de \u00abroja primavera\u00bb: tres asesinados a balazos, ataque armado y secuestro"},"content":{"rendered":"\n<p>Ismael Garc\u00eda M.\/Zona Roja.<\/p>\n\n\n\n<p>Oaxaca de Ju\u00e1rez, Oax., a 27 de febrero de 2027.- Mientras el gobernador Salom\u00f3n Jara entregaba 150 patrullas en la capital, en el interior del estado asesinaron a balazos a tres personas; atacaron a ocupantes de un veh\u00edculo y secuestraron a una persona.<\/p>\n\n\n\n<p>Esta tarde, en la avenida que conduce de Puerto \u00c1ngel a Zipolite, en San Pedro Pochutla, dos j\u00f3venes fueron v\u00edctimas de una agresi\u00f3n armada; uno de ellos perdi\u00f3 la vida en el lugar y otro fue trasladado a un hospital, donde perdi\u00f3 la vida.<\/p>\n\n\n\n<p>Uno de ellos fue identificado como Samuel R. C., de 24 a\u00f1os, y el otro respondi\u00f3 en vida al nombre de Alfredo R. G., de 36 a\u00f1os de edad. Pese a ser uno de los destinos tur\u00edsticos predilectos del litoral de Oaxaca, en la zona no hab\u00eda polic\u00edas municipales.<\/p>\n\n\n\n<p>Mientras tanto, en el municipio de Mat\u00edas Romero Avenda\u00f1o, la tarde de hoy fue ultimado a balazos un individuo sobre la avenida Cuauht\u00e9moc de la colonia L\u00e1zaro C\u00e1rdenas.<\/p>\n\n\n\n<p>El hoy occiso fue identificado como Francisco Javier R. R. y tampoco hubo personas detenidas por su probable participaci\u00f3n en el crimen; los agresores presuntamente huyeron a bordo de una motocicleta.<\/p>\n\n\n\n<p>Y en el municipio de Salina Cruz se registr\u00f3 un ataque armado en contra de los ocupantes de un veh\u00edculo en la calle Constancia del barrio El Espinal.<\/p>\n\n\n\n<p>Presuntamente de dicha unidad de motor fue plagiada una persona, hasta ahora no identificada; tambi\u00e9n en estos hechos no hubo personas detenidas, pese a supuestos operativos de b\u00fasqueda.<\/p>\n","protected":false},"excerpt":{"rendered":"<p>Ismael Garc\u00eda M.\/Zona Roja. Oaxaca de Ju\u00e1rez, Oax., a 27 de febrero de 2027.- Mientras&hellip;<\/p>\n","protected":false},"author":2,"featured_media":52171,"comment_status":"closed","ping_status":"open","sticky":false,"template":"","format":"standard","meta":{"_lmt_disableupdate":"","_lmt_disable":"","_jetpack_memberships_contains_paid_content":false,"footnotes":""},"categories":[109,51],"tags":[228,3238],"class_list":["post-52160","post","type-post","status-publish","format-standard","has-post-thumbnail","hentry","category-minuto-a-minuto","category-zona-roja","tag-matias-romero-avendano","tag-puerto-angel-pochutla"],"jetpack_featured_media_url":"https:\/\/zonaroja.com.mx\/wp-content\/uploads\/2023\/02\/Dos-asesinados-en-Puerto-Angel-Pochutla.jpeg","jetpack_sharing_enabled":true,"_links":{"self":[{"href":"https:\/\/zonaroja.com.mx\/index.php?rest_route=\/wp\/v2\/posts\/52160","targetHints":{"allow":["GET"]}}],"collection":[{"href":"https:\/\/zonaroja.com.mx\/index.php?rest_route=\/wp\/v2\/posts"}],"about":[{"href":"https:\/\/zonaroja.com.mx\/index.php?rest_route=\/wp\/v2\/types\/post"}],"author":[{"embeddable":true,"href":"https:\/\/zonaroja.com.mx\/index.php?rest_route=\/wp\/v2\/users\/2"}],"replies":[{"embeddable":true,"href":"https:\/\/zonaroja.com.mx\/index.php?rest_route=%2Fwp%2Fv2%2Fcomments&post=52160"}],"version-history":[{"count":3,"href":"https:\/\/zonaroja.com.mx\/index.php?rest_route=\/wp\/v2\/posts\/52160\/revisions"}],"predecessor-version":[{"id":52172,"href":"https:\/\/zonaroja.com.mx\/index.php?rest_route=\/wp\/v2\/posts\/52160\/revisions\/52172"}],"wp:featuredmedia":[{"embeddable":true,"href":"https:\/\/zonaroja.com.mx\/index.php?rest_route=\/wp\/v2\/media\/52171"}],"wp:attachment":[{"href":"https:\/\/zonaroja.com.mx\/index.php?rest_route=%2Fwp%2Fv2%2Fmedia&parent=52160"}],"wp:term":[{"taxonomy":"category","embeddable":true,"href":"https:\/\/zonaroja.com.mx\/index.php?rest_route=%2Fwp%2Fv2%2Fcategories&post=52160"},{"taxonomy":"post_tag","embeddable":true,"href":"https:\/\/zonaroja.com.mx\/index.php?rest_route=%2Fwp%2Fv2%2Ftags&post=52160"}],"curies":[{"name":"wp","href":"https:\/\/api.w.org\/{rel}","templated":true}]}}