{"id":52162,"date":"2023-02-27T08:51:19","date_gmt":"2023-02-27T14:51:19","guid":{"rendered":"http:\/\/www.zonaroja.com.mx\/?p=52162"},"modified":"2023-02-27T08:51:21","modified_gmt":"2023-02-27T14:51:21","slug":"prioridad-garantizar-una-vida-libre-de-violencia-a-mujeres-asegura-diputado","status":"publish","type":"post","link":"https:\/\/zonaroja.com.mx\/?p=52162","title":{"rendered":"Prioridad, garantizar una vida libre de violencia a mujeres, asegura diputado"},"content":{"rendered":"\n<p>Redacci\u00f3n\/Zona Roja.&nbsp;<\/p>\n\n\n\n<p>Oaxaca de Ju\u00e1rez, Oax. 27 de febrero de 2023.- El diputado Luis Alfonso Silva Romo reiter\u00f3 que uno de los compromisos de la Cuarta Transformaci\u00f3n es el garantizar a las mujeres una vida libre de violencia.<\/p>\n\n\n\n<p>Este s\u00e1bado, al participar en la inauguraci\u00f3n del \u00abEncuentro de Mujeres Artesanas para la Defensa de su Patrimonio Cultural\u00bb, que se realiz\u00f3 en la Plaza de la Danza, en la ciudad de Oaxaca, destac\u00f3 que una de las prioridades es que las mujeres vivan en igualdad de oportunidades y de forma segura, por lo cual celebr\u00f3 el encuentro, que adem\u00e1s promueve el desarrollo y el impulso de la econom\u00eda de ellas.<\/p>\n\n\n\n<p>\u00abEs muy importante que recordemos el porqu\u00e9 estamos aqu\u00ed, en el marco del D\u00eda Naranja, que busca concientizar sobre la no violencia hacia mujeres, ni\u00f1as y adolescentes. Adem\u00e1s de brindar las mismas posibilidades de desarrollo entre mujeres y hombres\u00bb, explic\u00f3.<\/p>\n\n\n\n<p>&nbsp;Reconoci\u00f3 el trabajo de la diputada Leticia Collado Soto, presidenta de la Comisi\u00f3n Permanente de Desarrollo Econ\u00f3mico de la 65 Legislatura local, por impulsar este encuentro de artesanas, con el fin de reconocer sus derechos y reactivar la econom\u00eda de las oaxaque\u00f1as.<\/p>\n\n\n\n<p>&nbsp;\u00abSin duda, Oaxaca es un lugar lleno de cultura y de tradici\u00f3n, que vale la pena compartir con todas y todos; porque ser oaxaque\u00f1o es un privilegio\u00bb, expres\u00f3 el presidente de la Junta de Coordinaci\u00f3n Pol\u00edtica en la 65 Legislatura.<\/p>\n","protected":false},"excerpt":{"rendered":"<p>Redacci\u00f3n\/Zona Roja.&nbsp; Oaxaca de Ju\u00e1rez, Oax. 27 de febrero de 2023.- El diputado Luis Alfonso&hellip;<\/p>\n","protected":false},"author":2,"featured_media":52163,"comment_status":"closed","ping_status":"open","sticky":false,"template":"","format":"standard","meta":{"_lmt_disableupdate":"","_lmt_disable":"","_jetpack_memberships_contains_paid_content":false,"footnotes":""},"categories":[109,46],"tags":[2721],"class_list":["post-52162","post","type-post","status-publish","format-standard","has-post-thumbnail","hentry","category-minuto-a-minuto","category-zona-blanca","tag-luis-alfonso-silva-romo"],"jetpack_featured_media_url":"https:\/\/zonaroja.com.mx\/wp-content\/uploads\/2023\/02\/FOTO2-Garantizar-una-vida-libre-de-violencia-a-mujeres-prioridad-de-la-4T.jpeg","jetpack_sharing_enabled":true,"_links":{"self":[{"href":"https:\/\/zonaroja.com.mx\/index.php?rest_route=\/wp\/v2\/posts\/52162","targetHints":{"allow":["GET"]}}],"collection":[{"href":"https:\/\/zonaroja.com.mx\/index.php?rest_route=\/wp\/v2\/posts"}],"about":[{"href":"https:\/\/zonaroja.com.mx\/index.php?rest_route=\/wp\/v2\/types\/post"}],"author":[{"embeddable":true,"href":"https:\/\/zonaroja.com.mx\/index.php?rest_route=\/wp\/v2\/users\/2"}],"replies":[{"embeddable":true,"href":"https:\/\/zonaroja.com.mx\/index.php?rest_route=%2Fwp%2Fv2%2Fcomments&post=52162"}],"version-history":[{"count":1,"href":"https:\/\/zonaroja.com.mx\/index.php?rest_route=\/wp\/v2\/posts\/52162\/revisions"}],"predecessor-version":[{"id":52164,"href":"https:\/\/zonaroja.com.mx\/index.php?rest_route=\/wp\/v2\/posts\/52162\/revisions\/52164"}],"wp:featuredmedia":[{"embeddable":true,"href":"https:\/\/zonaroja.com.mx\/index.php?rest_route=\/wp\/v2\/media\/52163"}],"wp:attachment":[{"href":"https:\/\/zonaroja.com.mx\/index.php?rest_route=%2Fwp%2Fv2%2Fmedia&parent=52162"}],"wp:term":[{"taxonomy":"category","embeddable":true,"href":"https:\/\/zonaroja.com.mx\/index.php?rest_route=%2Fwp%2Fv2%2Fcategories&post=52162"},{"taxonomy":"post_tag","embeddable":true,"href":"https:\/\/zonaroja.com.mx\/index.php?rest_route=%2Fwp%2Fv2%2Ftags&post=52162"}],"curies":[{"name":"wp","href":"https:\/\/api.w.org\/{rel}","templated":true}]}}