{"id":5217,"date":"2019-10-28T07:22:59","date_gmt":"2019-10-28T13:22:59","guid":{"rendered":"http:\/\/www.zonaroja.com.mx\/?p=5217"},"modified":"2019-10-28T07:23:02","modified_gmt":"2019-10-28T13:23:02","slug":"con-amplia-participacion-concluye-tercer-encuentro-de-promotores-de-lectura","status":"publish","type":"post","link":"https:\/\/zonaroja.com.mx\/?p=5217","title":{"rendered":"Con amplia participaci\u00f3n concluye \u201cTercer Encuentro de Promotores de Lectura\u201d"},"content":{"rendered":"\n<p>Redacci\u00f3n\/Zona Roja.<\/p>\n\n\n\n<p>Oaxaca de Ju\u00e1rez, Oax. 28 de Octubre de\n2019.- Cientos de alumnos y docentes acudieron al \u201cTercer Encuentro de\nPromotores de Lectura\u201d, que se realiz\u00f3 en el marco de la Feria Internacional\ndel Libro 2019, y que culmin\u00f3 ayer.<\/p>\n\n\n\n<p>La actividad tuvo la finalidad de impulsar\nlas pr\u00e1cticas de la lectura y escritura en escolares de educaci\u00f3n b\u00e1sica, inform\u00f3\nel Instituto Estatal de Educaci\u00f3n P\u00fablica de Oaxaca (IEEPO).<\/p>\n\n\n\n<p>En un comunicado, indic\u00f3 que docentes\nde preescolar, primaria, secundaria y de educaci\u00f3n especial participaron en\neste programa bajo el lema \u201cEl futuro nos necesita. Lectura y Educaci\u00f3n\u201d y que\ndurante dos d\u00edas se llev\u00f3 a cabo en las instalaciones del Centro Cultural y de\nConvenciones de Oaxaca (CCCO), con actividades como conferencias magistrales,\nmesas redondas y talleres.<\/p>\n\n\n\n<p>En representaci\u00f3n del director general\ndel IEEPO, Francisco \u00c1ngel Villarreal, la coordinadora estatal del Programa\npara el Fortalecimiento de la Calidad Educativa de la Subdirecci\u00f3n General de\nServicios Educativos, Mariana Cant\u00fa Garza Gallardo, agradeci\u00f3 la participaci\u00f3n\nde las y los profesores, quienes son un elemento fundamental de enlace entre el\nlibro y los&nbsp;&nbsp; lectores.<\/p>\n\n\n\n<p>Afirm\u00f3 que el IEEPO est\u00e1 comprometido\nen el fomento a la lectura, por lo que el Director General busca, a trav\u00e9s de\nestas actividades conjuntas, brindar a las y los docentes herramientas\npr\u00e1cticas y mostrarles diferentes enfoques en esta y otras tem\u00e1ticas.<\/p>\n\n\n\n<p>Cant\u00fa Garza Gallardo explic\u00f3 que en los\ndos a\u00f1os anteriores participaron en el encuentro 400 docentes de los diferentes\nniveles educativos, por lo que ya se cuenta con una brigada de promotores\nfrente a los grupos de alumnos, alentando la valoraci\u00f3n de la narraci\u00f3n oral\ncomo una tradici\u00f3n que fortalece y reivindica la cultura de la entidad\noaxaque\u00f1a.<\/p>\n\n\n\n<p>Aid\u00e9 de Jes\u00fas Valencia, docente de\nTelesecundaria, afirm\u00f3 que con estos eventos logran adquirir estrategias y\nexperiencias con las que pueden trabajar en el aula. Destac\u00f3 que las y los\nalumnos se ven beneficiados, puesto que los maestros llegan motivados al aula y\nlogran avanzar en la comprensi\u00f3n de temas.<\/p>\n\n\n\n<p>En tanto,Gerardo Francisco Osorio\nRivera, docente en una escuela primaria de la Costa, se\u00f1al\u00f3 que con estas\nactividades se ha tenido la oportunidad de generar espacios para que las y los\nmaestros refuercen su formaci\u00f3n continua.<\/p>\n\n\n\n<p>Como parte del \u201cTercer Encuentro de\nPromotores de Lectura\u201d se realiz\u00f3 la conferencia magistral \u201cEl poder de las\npalabras\u201d impartida por la escritora de literatura infantil, Yolanda Reyes,\nhomenajeada por la FILO; la mesa redonda \u201cLas lecturas infantiles que nos\ndieron herramientas para la vida\u201d y el taller \u201cLa imaginaci\u00f3n que ayuda a\nformar lectores\u201d.<\/p>\n\n\n\n<p>Las y los promotores de lectura,\nmaestros y autores de libros, reflexionaron juntos como un ejercicio que ser\u00e1\nuna herramienta de formaci\u00f3n e intercambio de los conocimientos adquiridos en\nbeneficio de las y los alumnos.<\/p>\n","protected":false},"excerpt":{"rendered":"<p>Redacci\u00f3n\/Zona Roja. Oaxaca de Ju\u00e1rez, Oax. 28 de Octubre de 2019.- Cientos de alumnos y&hellip;<\/p>\n","protected":false},"author":2,"featured_media":5218,"comment_status":"closed","ping_status":"open","sticky":false,"template":"","format":"standard","meta":{"_lmt_disableupdate":"","_lmt_disable":"","_jetpack_memberships_contains_paid_content":false,"footnotes":""},"categories":[109,46],"tags":[599],"class_list":["post-5217","post","type-post","status-publish","format-standard","has-post-thumbnail","hentry","category-minuto-a-minuto","category-zona-blanca","tag-instituto-estatal-de-educacion-publica-de-oaxaca"],"jetpack_featured_media_url":"https:\/\/zonaroja.com.mx\/wp-content\/uploads\/2019\/10\/03-IEEPO.jpeg","jetpack_sharing_enabled":true,"_links":{"self":[{"href":"https:\/\/zonaroja.com.mx\/index.php?rest_route=\/wp\/v2\/posts\/5217","targetHints":{"allow":["GET"]}}],"collection":[{"href":"https:\/\/zonaroja.com.mx\/index.php?rest_route=\/wp\/v2\/posts"}],"about":[{"href":"https:\/\/zonaroja.com.mx\/index.php?rest_route=\/wp\/v2\/types\/post"}],"author":[{"embeddable":true,"href":"https:\/\/zonaroja.com.mx\/index.php?rest_route=\/wp\/v2\/users\/2"}],"replies":[{"embeddable":true,"href":"https:\/\/zonaroja.com.mx\/index.php?rest_route=%2Fwp%2Fv2%2Fcomments&post=5217"}],"version-history":[{"count":1,"href":"https:\/\/zonaroja.com.mx\/index.php?rest_route=\/wp\/v2\/posts\/5217\/revisions"}],"predecessor-version":[{"id":5219,"href":"https:\/\/zonaroja.com.mx\/index.php?rest_route=\/wp\/v2\/posts\/5217\/revisions\/5219"}],"wp:featuredmedia":[{"embeddable":true,"href":"https:\/\/zonaroja.com.mx\/index.php?rest_route=\/wp\/v2\/media\/5218"}],"wp:attachment":[{"href":"https:\/\/zonaroja.com.mx\/index.php?rest_route=%2Fwp%2Fv2%2Fmedia&parent=5217"}],"wp:term":[{"taxonomy":"category","embeddable":true,"href":"https:\/\/zonaroja.com.mx\/index.php?rest_route=%2Fwp%2Fv2%2Fcategories&post=5217"},{"taxonomy":"post_tag","embeddable":true,"href":"https:\/\/zonaroja.com.mx\/index.php?rest_route=%2Fwp%2Fv2%2Ftags&post=5217"}],"curies":[{"name":"wp","href":"https:\/\/api.w.org\/{rel}","templated":true}]}}