{"id":52177,"date":"2023-02-27T22:19:07","date_gmt":"2023-02-28T04:19:07","guid":{"rendered":"http:\/\/www.zonaroja.com.mx\/?p=52177"},"modified":"2023-02-27T22:19:12","modified_gmt":"2023-02-28T04:19:12","slug":"falla-dialogo-y-estallan-multiples-protestas-en-oaxaca-al-iniciar-la-semana","status":"publish","type":"post","link":"https:\/\/zonaroja.com.mx\/?p=52177","title":{"rendered":"Falla di\u00e1logo y estallan m\u00faltiples protestas en Oaxaca, al iniciar la semana"},"content":{"rendered":"\n<p>Yuridiana Sosa\/Zona Roja.<\/p>\n\n\n\n<p>Oaxaca de Ju\u00e1rez, Oax., a 27 de febrero de 2023.- La pol\u00edtica interna de gobierno de la \u201cprimavera oaxaque\u00f1a\u201d sigue sin hacer efecto para evitar protestas y bloqueos, los cuales este lunes volvieron a estallar en las regiones de Valles Centrales, Mixteca y Cuenca del Papaloapan.<\/p>\n\n\n\n<p>Normalistas, trabajadores de salud, de educaci\u00f3n y ciudadanos de diferentes localidades evidenciaron la falta de respuesta del gobierno del estado y su trabajo de interlocuci\u00f3n con el gobierno federal para dar soluci\u00f3n a las demandas.<\/p>\n\n\n\n<p>EN LA CAPITAL<\/p>\n\n\n\n<p>Desde temprana hora, estudiantes normalistas iniciaron con movilizaciones en la capital del estado, donde causaron graves afectaciones en el tr\u00e1nsito vehicular; iniciaron con la retenci\u00f3n de camiones del transporte p\u00fablico para despu\u00e9s bloquear la calle de Divisi\u00f3n Oriente y calzada Madero.<\/p>\n\n\n\n<p>Los normalistas se\u00f1alaron que a\u00fan no existe certeza al cumplimiento de sus demandas presentadas en el pliego de peticiones el pasado 24 de febrero, pues a pesar que el IEEPO muestra voluntad para un di\u00e1logo, no significa soluci\u00f3n a sus demandas.<\/p>\n\n\n\n<p>Exigen contar con la matr\u00edcula docente completa para el primer a\u00f1o, reducci\u00f3n de cuotas escolares y material did\u00e1ctico completo para las pr\u00e1cticas docentes de estudiantes de cuarto a\u00f1o, entre otras de cada uno de los 11 planteles de escuelas normales.<\/p>\n\n\n\n<p>En tanto que los egresados normalistas inician su cuarta semana de plant\u00f3n en el Centro Hist\u00f3rico de Oaxaca ante la ineficiencia del Instituto Estatal de Educaci\u00f3n P\u00fablica de Oaxaca a su pliego petitorio entregado desde el 12 de enero.<\/p>\n\n\n\n<p>Dicha protesta ha causado da\u00f1os al comercio, as\u00ed como tambi\u00e9n ha presentado episodios de vandalismo en varias partes de la ciudad.<\/p>\n\n\n\n<p>Tambi\u00e9n en el Centro Hist\u00f3rico, trabajadores de los Servicios de Salud de Oaxaca, se manifestaron en las oficinas centrales de la dependencia, en la calle de J.P. Garc\u00eda.<\/p>\n\n\n\n<p>L\u00cdOS ELECTORALES<\/p>\n\n\n\n<p>Hasta el z\u00f3calo de la capital, frente a Palacio de Gobierno, llegaron habitantes de Santa Cruz Mixtepec para denunciar problemas postelectorales que ha desatendidos la Secretar\u00eda de Gobierno, a cargo de Jes\u00fas Romero L\u00f3pez, ante la designaci\u00f3n de un comisionado, quien comete irregularidades.<\/p>\n\n\n\n<p>Los pobladores exigieron que se convoque a nuevas elecciones de manera urgente, pues supuestamente el comisionado, Osiris Jim\u00e9nez Matus, garantizar\u00eda el proceso para nuevas elecciones, pero se ha tomado atribuciones que no corresponden a su funci\u00f3n.<\/p>\n\n\n\n<p>Al contrario, apuntaron, el comisionado despacha fuera de la poblaci\u00f3n y trat\u00f3 de enga\u00f1ar a los agentes municipales para que aceptaran de facto la designaci\u00f3n de un nuevo presidente municipal.<\/p>\n\n\n\n<p>Por otra parte, habitantes del municipio conurbado de San Antonio de la Cal tambi\u00e9n llegaron a Palacio de Gobierno para exigir la destituci\u00f3n de su edil Porfirio Santos, quien qued\u00f3 electo en medio de un proceso plagado de irregularidades.<\/p>\n\n\n\n<p>As\u00ed como durante su administraci\u00f3n no hay un servicio regular de agua y recolecci\u00f3n de basura, pero ante la desconfianza del gobierno del estado para dar soluci\u00f3n al problema, demandan la atenci\u00f3n del gobierno federal.<\/p>\n\n\n\n<p>Tambi\u00e9n al Palacio arribaron trabajadores del hospital general ubicado en Teotitl\u00e1n de Flores Mag\u00f3n, para denunciar diversas irregularidades por parte de directivos de los Servicios de Salud de Oaxaca (SSO).<\/p>\n\n\n\n<p>EL CONALEP<\/p>\n\n\n\n<p>En la zona conurbada, en el plantel de San Antonio de la Cal, integrantes del Sindicato Independiente de Trabajadores y Acad\u00e9micos del Colegio Nacional de Educaci\u00f3n Profesional iniciaron un paro de brazos ca\u00eddos para exigir respeto a sus derechos laborales.<\/p>\n\n\n\n<p>La protesta se llev\u00f3 a cabo en los planteles de Oaxaca, Salina Cruz, Juchit\u00e1n, Puerto Escondido, Huajuapan y Tuxtepec, con la intenci\u00f3n de presionar al titular del Conalep nacional, Manuel Espino, atender las peticiones que hasta el momento el representante estatal, Carlos Sarabia Camacho, ha desatendido.<\/p>\n\n\n\n<p>Se\u00f1alan que la distribuci\u00f3n de cargas horarias es inequitativa y se privilegia a algunos grupos de docentes.<\/p>\n\n\n\n<p>EN LA MIXTECA<\/p>\n\n\n\n<p>Con un bloqueo sobre la carretera federal 190, en el crucero de Yocuda, habitantes de esta poblaci\u00f3n exigen al gobierno del estado un di\u00e1logo para denunciar las irregularidades del comisionado municipal.<\/p>\n\n\n\n<p>Los habitantes se\u00f1alaron que a dos meses de su designaci\u00f3n no ha entablado di\u00e1logo con los pobladores a pesar que se hab\u00eda acordado que ser\u00eda el enlace con la Secretar\u00eda de Gobierno.<\/p>\n\n\n\n<p>La protesta afect\u00f3 el paso entre Tlaxiaco, Huajuapan y Nochixtl\u00e1n.<\/p>\n\n\n\n<p>EN LA CUENCA<\/p>\n\n\n\n<p>Trabajadores de los Servicios de Salud de Oaxaca, del \u00e1rea de vectores de la jurisdicci\u00f3n 03 de Tuxtepec, iniciaron un paro de brazos ca\u00eddos para exigir, una vez m\u00e1s, nueva matr\u00edcula vehicular, pues con las que cuentan se encuentran en p\u00e9simas condiciones y algunas no sirven, lo que complica hacer su labor.<\/p>\n\n\n\n<p>En tanto, la organizaci\u00f3n CODECI A.R. \u201ctom\u00f3\u201d las instalaciones de las oficinas de la Comisi\u00f3n Federal de Electricidad en rechazo al operativo que realiza la paraestatal para detectar irregularidades y en el cual se han visto afectados sus agremiados.<\/p>\n\n\n\n<p>La organizaci\u00f3n demand\u00f3 una mesa de di\u00e1logo con los directivos de la CFE para llegar a acuerdos sobre nuevos contratos y evitar cobros indebidos.&nbsp;<\/p>\n\n\n\n<p>Y EL ISTMO<\/p>\n\n\n\n<p>Mientras que en la zona norte del Istmo, se realizaron por lo menos tres bloqueos en igual n\u00famero de municipios, que se oponen a los trabajos del Corredor Interoce\u00e1nico, sin aval de los comuneros y sin la indemnizaci\u00f3n correspondiente.<\/p>\n\n\n\n<p>Entre los inconformes se encuentran afiliados a la Uni\u00f3n de Comunidades Ind\u00edgenas de la Zona Norte del Istmo (Ucizoni) de los municipios El Barrio de la Soledad, San Juan Guichicovi y Mat\u00edas Romero Avenda\u00f1o.<\/p>\n","protected":false},"excerpt":{"rendered":"<p>Yuridiana Sosa\/Zona Roja. Oaxaca de Ju\u00e1rez, Oax., a 27 de febrero de 2023.- La pol\u00edtica&hellip;<\/p>\n","protected":false},"author":2,"featured_media":52178,"comment_status":"closed","ping_status":"open","sticky":false,"template":"","format":"standard","meta":{"_lmt_disableupdate":"","_lmt_disable":"","_jetpack_memberships_contains_paid_content":false,"footnotes":""},"categories":[109,47],"tags":[2264],"class_list":["post-52177","post","type-post","status-publish","format-standard","has-post-thumbnail","hentry","category-minuto-a-minuto","category-zona-gris","tag-bloqueos-y-protestas-oaxaca"],"jetpack_featured_media_url":"https:\/\/zonaroja.com.mx\/wp-content\/uploads\/2023\/02\/Protesta-Istmo-interoceanico.jpg","jetpack_sharing_enabled":true,"_links":{"self":[{"href":"https:\/\/zonaroja.com.mx\/index.php?rest_route=\/wp\/v2\/posts\/52177","targetHints":{"allow":["GET"]}}],"collection":[{"href":"https:\/\/zonaroja.com.mx\/index.php?rest_route=\/wp\/v2\/posts"}],"about":[{"href":"https:\/\/zonaroja.com.mx\/index.php?rest_route=\/wp\/v2\/types\/post"}],"author":[{"embeddable":true,"href":"https:\/\/zonaroja.com.mx\/index.php?rest_route=\/wp\/v2\/users\/2"}],"replies":[{"embeddable":true,"href":"https:\/\/zonaroja.com.mx\/index.php?rest_route=%2Fwp%2Fv2%2Fcomments&post=52177"}],"version-history":[{"count":1,"href":"https:\/\/zonaroja.com.mx\/index.php?rest_route=\/wp\/v2\/posts\/52177\/revisions"}],"predecessor-version":[{"id":52179,"href":"https:\/\/zonaroja.com.mx\/index.php?rest_route=\/wp\/v2\/posts\/52177\/revisions\/52179"}],"wp:featuredmedia":[{"embeddable":true,"href":"https:\/\/zonaroja.com.mx\/index.php?rest_route=\/wp\/v2\/media\/52178"}],"wp:attachment":[{"href":"https:\/\/zonaroja.com.mx\/index.php?rest_route=%2Fwp%2Fv2%2Fmedia&parent=52177"}],"wp:term":[{"taxonomy":"category","embeddable":true,"href":"https:\/\/zonaroja.com.mx\/index.php?rest_route=%2Fwp%2Fv2%2Fcategories&post=52177"},{"taxonomy":"post_tag","embeddable":true,"href":"https:\/\/zonaroja.com.mx\/index.php?rest_route=%2Fwp%2Fv2%2Ftags&post=52177"}],"curies":[{"name":"wp","href":"https:\/\/api.w.org\/{rel}","templated":true}]}}