{"id":52180,"date":"2023-02-27T22:25:13","date_gmt":"2023-02-28T04:25:13","guid":{"rendered":"http:\/\/www.zonaroja.com.mx\/?p=52180"},"modified":"2023-02-27T22:25:19","modified_gmt":"2023-02-28T04:25:19","slug":"planton-de-triquis-es-pagado-por-alguien-van-mucho-a-polanco-dice-salomon-jara","status":"publish","type":"post","link":"https:\/\/zonaroja.com.mx\/?p=52180","title":{"rendered":"\u201cPlant\u00f3n\u201d de triquis es pagado por alguien; \u00abvan mucho a Polanco\u00bb, dice Salom\u00f3n Jara"},"content":{"rendered":"\n<p>Yuridiana Sosa\/Zona Roja.<\/p>\n\n\n\n<p>Oaxaca de Ju\u00e1rez, Oax., a 27 de febrero de 2023.- El gobernador de Oaxaca, Salom\u00f3n Jara Cruz, volvi\u00f3 a se\u00f1alar a Jos\u00e9 Murat, ex gobernador priista, como el responsable de intentar desestabilizar a su gobierno por medio del grupo de mujeres triquis que encabeza Lorena Merino.<\/p>\n\n\n\n<p>Durante la conferencia matutina de este lunes, el mandatario y el titular de la Secretar\u00eda de Gobierno, Jes\u00fas Romero, se\u00f1alaron que cuentan con informaci\u00f3n que les hace concluir que el movimiento de ese grupo de desplazadas es manipulado y pagado por quien radica en \u201cPolanco\u201d en la Ciudad de M\u00e9xico.<\/p>\n\n\n\n<p>Pues se conoce que el ex mandatario oaxaque\u00f1o, Jos\u00e9 Murat, cuenta con oficinas ubicadas en esa zona de alta plusval\u00eda de la Ciudad de M\u00e9xico.<\/p>\n\n\n\n<p>Ante los cuestionamientos de la prensa sobre las v\u00edas de soluci\u00f3n y mesas de atenci\u00f3n para las mujeres desplazadas de San Juan Copala, que mantienen protestas frente a Palacio de Gobierno, el gobernador Salom\u00f3n Jara dijo que se ha platicado con ellas y se les invit\u00f3 a buscar una soluci\u00f3n, sin embargo, alguien las azuza a seguir con sus movilizaciones.<\/p>\n\n\n\n<p>\u201cAlguien les echa cuerda, alguien le echa mucha cuerda, y luego, a veces, se van a Polanco, qu\u00e9 podemos hacer, nada, si van a Polanco, nada vamos a poder hacer, solo denunciarlo\u201d, asever\u00f3 Jara Cruz.<\/p>\n\n\n\n<figure class=\"wp-block-embed is-type-rich is-provider-twitter wp-block-embed-twitter\"><div class=\"wp-block-embed__wrapper\">\n<div class=\"twitter-tweet\"><blockquote class=\"twitter-tweet\" data-lang=\"es\"><p lang=\"es\" dir=\"ltr\">Para el gobernador <a href=\"https:\/\/twitter.com\/salomonj?ref_src=twsrc%5Etfw\">@salomonj<\/a> una sola persona pone en jaque al Estado, con asesinatos y protestas sociales. <br>Ahora culpa al de Polanco (donde despacha Jos\u00e9 Murat) de darle cuerda a las triquis que protestan por su retorno a Copala o reubicaci\u00f3n. <br>As\u00ed lo dijo esta ma\u00f1ana: \ud83d\udc47 <a href=\"https:\/\/t.co\/Ez5ymEwUXR\">pic.twitter.com\/Ez5ymEwUXR<\/a><\/p>&mdash; Zona Roja Oaxaca (@ZonaRoja_Oaxaca) <a href=\"https:\/\/twitter.com\/ZonaRoja_Oaxaca\/status\/1630404214428950530?ref_src=twsrc%5Etfw\">28 de febrero de 2023<\/a><\/blockquote><\/div>\n<\/div><\/figure>\n\n\n\n<p>Por esa situaci\u00f3n, agreg\u00f3, lo que le queda a su gobierno es darlo a conocer, \u201cporque no nos vamos a quedar callados, no nos van a chantajear, no nos van a decir que van a desestabilizar al gobierno,\u201d.<\/p>\n\n\n\n<p>Sobre esto, minutos antes el secretario de Gobierno, Jes\u00fas Romero, apunt\u00f3: \u201cCreo las est\u00e1n mandando, va mucho a M\u00e9xico la se\u00f1ora Merino, no s\u00e9 si alguien le pague el d\u00eda, tenemos informaci\u00f3n que les vamos hacer llegar.\u201d<\/p>\n\n\n\n<p>Destac\u00f3 que a pesar que ya no cuenta con la categor\u00eda de desplazados al haberse cubierto las medidas cautelares emitidas desde el 2010 y terminadas el pasado 1 de diciembre de 2022, el gobierno del estado realiz\u00f3 nuevas ofertas para su estabilidad, pero lo que les llama la atenci\u00f3n que a casi a punto de firmar se levant\u00f3 de la mesa de negociaci\u00f3n tras recibir una llamada telef\u00f3nica, sin que se pudiera llegar a un acuerdo.<\/p>\n\n\n\n<p>\u201cSe par\u00f3 de la mesa, estuvo el Instituto de la Vivienda de Bienestar y antes de firmar la minuta se retir\u00f3 y no ha aparecido\u2026reporta en llamadas y en video llamadas y particularmente lo hace cuando est\u00e1 el gobernador\u201d, indic\u00f3.<\/p>\n\n\n\n<p>Con este grupo de mujeres triquis la oferta institucional se agot\u00f3, mientras que con los otros grupos se lleg\u00f3 a acuerdos de espacios para comercializar, agreg\u00f3 Jes\u00fas Romero.<\/p>\n\n\n\n<p>Respecto al retorno a su comunidad de origen, de acuerdo al agente municipal de San Juan Copala existen las garant\u00edas para que regrese Lorena Merino, sus familias, y el grupo que la acompa\u00f1a, por lo que tambi\u00e9n este tema lo consideran como \u201cuna manipulaci\u00f3n\u201d, apunt\u00f3 el secretario de Gobierno.&nbsp;<\/p>\n","protected":false},"excerpt":{"rendered":"<p>Yuridiana Sosa\/Zona Roja. Oaxaca de Ju\u00e1rez, Oax., a 27 de febrero de 2023.- El gobernador&hellip;<\/p>\n","protected":false},"author":2,"featured_media":52181,"comment_status":"closed","ping_status":"open","sticky":false,"template":"","format":"standard","meta":{"_lmt_disableupdate":"","_lmt_disable":"","_jetpack_memberships_contains_paid_content":false,"footnotes":""},"categories":[109,47],"tags":[939],"class_list":["post-52180","post","type-post","status-publish","format-standard","has-post-thumbnail","hentry","category-minuto-a-minuto","category-zona-gris","tag-salomon-jara-cruz"],"jetpack_featured_media_url":"https:\/\/zonaroja.com.mx\/wp-content\/uploads\/2023\/02\/Conferencia-de-prensa-Salomon-Jara-1.jpeg","jetpack_sharing_enabled":true,"_links":{"self":[{"href":"https:\/\/zonaroja.com.mx\/index.php?rest_route=\/wp\/v2\/posts\/52180","targetHints":{"allow":["GET"]}}],"collection":[{"href":"https:\/\/zonaroja.com.mx\/index.php?rest_route=\/wp\/v2\/posts"}],"about":[{"href":"https:\/\/zonaroja.com.mx\/index.php?rest_route=\/wp\/v2\/types\/post"}],"author":[{"embeddable":true,"href":"https:\/\/zonaroja.com.mx\/index.php?rest_route=\/wp\/v2\/users\/2"}],"replies":[{"embeddable":true,"href":"https:\/\/zonaroja.com.mx\/index.php?rest_route=%2Fwp%2Fv2%2Fcomments&post=52180"}],"version-history":[{"count":1,"href":"https:\/\/zonaroja.com.mx\/index.php?rest_route=\/wp\/v2\/posts\/52180\/revisions"}],"predecessor-version":[{"id":52182,"href":"https:\/\/zonaroja.com.mx\/index.php?rest_route=\/wp\/v2\/posts\/52180\/revisions\/52182"}],"wp:featuredmedia":[{"embeddable":true,"href":"https:\/\/zonaroja.com.mx\/index.php?rest_route=\/wp\/v2\/media\/52181"}],"wp:attachment":[{"href":"https:\/\/zonaroja.com.mx\/index.php?rest_route=%2Fwp%2Fv2%2Fmedia&parent=52180"}],"wp:term":[{"taxonomy":"category","embeddable":true,"href":"https:\/\/zonaroja.com.mx\/index.php?rest_route=%2Fwp%2Fv2%2Fcategories&post=52180"},{"taxonomy":"post_tag","embeddable":true,"href":"https:\/\/zonaroja.com.mx\/index.php?rest_route=%2Fwp%2Fv2%2Ftags&post=52180"}],"curies":[{"name":"wp","href":"https:\/\/api.w.org\/{rel}","templated":true}]}}