{"id":52183,"date":"2023-02-28T10:00:00","date_gmt":"2023-02-28T16:00:00","guid":{"rendered":"http:\/\/www.zonaroja.com.mx\/?p=52183"},"modified":"2023-02-28T06:51:52","modified_gmt":"2023-02-28T12:51:52","slug":"suman-62-migrantes-muertos-en-europa-tras-volcar-embarcacion","status":"publish","type":"post","link":"https:\/\/zonaroja.com.mx\/?p=52183","title":{"rendered":"Suman 62 migrantes muertos en Europa, tras volcar embarcaci\u00f3n"},"content":{"rendered":"\n<p>Redacci\u00f3n\/Zona Roja Cdmx.<\/p>\n\n\n\n<p>Ciudad de M\u00e9xico, a 28 de febrero de 2023.- Tras el naufragio de una embarcaci\u00f3n con migrantes que dej\u00f3&nbsp;decenas de muertos, los guardacostas italianos continuaban este lunes su b\u00fasqueda en el mar y en la costa cerca de Crotone en Calabria, donde segu\u00edan apareciendo cuerpos.<\/p>\n\n\n\n<p>El descubrimiento de los cuerpos de nuevas v\u00edctimas llevadas a la costa por la marea aument\u00f3 el balance a 62 muertos, indicaron el lunes a AFP los guardacostas. Esta cifra podr\u00eda subir.\u00a0El anterior saldo era de 59 muertos.<\/p>\n\n\n\n<p>Las ONGs se hicieron cargo de ni\u00f1os que vieron a sus familiares ahogarse cuando la embarcaci\u00f3n sobrecargada choc\u00f3 contras unas rocas a unos metros de la costa en medio de una tormenta el domingo al amanecer.<\/p>\n\n\n\n<p>\u00abUn ni\u00f1o afgano de 12 a\u00f1os perdi\u00f3 a toda su familia, nueve personas en total: sus cuatro hermanos y hermanas, sus padres y otros miembros de su familia\u00bb, cont\u00f3 a la prensa Sergio di Dato, jefe del equipo de psic\u00f3logos enviados al lugar por M\u00e9dicos Sin Fronteras (MSF) para auxiliar a los supervivientes.<\/p>\n\n\n\n<p>Restos del barco fueron hallados diseminados en la playa, seg\u00fan im\u00e1genes de la polic\u00eda italiana y AFP.<\/p>\n\n\n\n<p>Los bomberos de la vecina ciudad de Cutro movilizaron el lunes una embarcaci\u00f3n para lanzar nuevas b\u00fasquedas, ayudados por helic\u00f3pteros que sobrevolaban la zona.<\/p>\n\n\n\n<p>En Le Castella, donde una fortaleza del siglo XV domina la costa, un periodista de AFP asisti\u00f3 a las operaciones de los guardacostas que recuperaron el cuerpo de una mujer, de unos veinte a\u00f1os.<\/p>\n\n\n\n<p>Responsables locales indicaron que la b\u00fasqueda contin\u00faa por unos 20 posibles desaparecidos, aunque los supervivientes han dado versiones diferentes sobre cu\u00e1ntas personas se encontraban en el barco.<\/p>\n\n\n\n<p>La polic\u00eda forense ha comenzado la tarea de identificaci\u00f3n, compartiendo una direcci\u00f3n de correo electr\u00f3nico a la cual pueden escribir aquellos que buscan a sus seres queridos para enviar detalles significativos, desde el color de ojos o cabellos a tatuajes.<\/p>\n\n\n\n<p>La embarcaci\u00f3n hab\u00eda partido de Esmirna en Turqu\u00eda la semana pasada, y tres de las personas responsables de traficar migrantes ilegales ya fueron detenidos, mientras que la polic\u00eda busca a un cuarto sospechoso, informaron este lunes los medios italianos.<\/p>\n\n\n\n<p>(Informaci\u00f3n de la agencia AFP en \u201cMilenio\u201d)<\/p>\n","protected":false},"excerpt":{"rendered":"<p>Redacci\u00f3n\/Zona Roja Cdmx. Ciudad de M\u00e9xico, a 28 de febrero de 2023.- Tras el naufragio&hellip;<\/p>\n","protected":false},"author":2,"featured_media":52184,"comment_status":"closed","ping_status":"open","sticky":false,"template":"","format":"standard","meta":{"_lmt_disableupdate":"","_lmt_disable":"","_jetpack_memberships_contains_paid_content":false,"footnotes":""},"categories":[109,47],"tags":[],"class_list":["post-52183","post","type-post","status-publish","format-standard","has-post-thumbnail","hentry","category-minuto-a-minuto","category-zona-gris"],"jetpack_featured_media_url":"https:\/\/zonaroja.com.mx\/wp-content\/uploads\/2023\/02\/Naugragio-Europa-Italia-migrantes.jpeg","jetpack_sharing_enabled":true,"_links":{"self":[{"href":"https:\/\/zonaroja.com.mx\/index.php?rest_route=\/wp\/v2\/posts\/52183","targetHints":{"allow":["GET"]}}],"collection":[{"href":"https:\/\/zonaroja.com.mx\/index.php?rest_route=\/wp\/v2\/posts"}],"about":[{"href":"https:\/\/zonaroja.com.mx\/index.php?rest_route=\/wp\/v2\/types\/post"}],"author":[{"embeddable":true,"href":"https:\/\/zonaroja.com.mx\/index.php?rest_route=\/wp\/v2\/users\/2"}],"replies":[{"embeddable":true,"href":"https:\/\/zonaroja.com.mx\/index.php?rest_route=%2Fwp%2Fv2%2Fcomments&post=52183"}],"version-history":[{"count":1,"href":"https:\/\/zonaroja.com.mx\/index.php?rest_route=\/wp\/v2\/posts\/52183\/revisions"}],"predecessor-version":[{"id":52185,"href":"https:\/\/zonaroja.com.mx\/index.php?rest_route=\/wp\/v2\/posts\/52183\/revisions\/52185"}],"wp:featuredmedia":[{"embeddable":true,"href":"https:\/\/zonaroja.com.mx\/index.php?rest_route=\/wp\/v2\/media\/52184"}],"wp:attachment":[{"href":"https:\/\/zonaroja.com.mx\/index.php?rest_route=%2Fwp%2Fv2%2Fmedia&parent=52183"}],"wp:term":[{"taxonomy":"category","embeddable":true,"href":"https:\/\/zonaroja.com.mx\/index.php?rest_route=%2Fwp%2Fv2%2Fcategories&post=52183"},{"taxonomy":"post_tag","embeddable":true,"href":"https:\/\/zonaroja.com.mx\/index.php?rest_route=%2Fwp%2Fv2%2Ftags&post=52183"}],"curies":[{"name":"wp","href":"https:\/\/api.w.org\/{rel}","templated":true}]}}