{"id":52188,"date":"2023-02-28T11:58:00","date_gmt":"2023-02-28T17:58:00","guid":{"rendered":"http:\/\/www.zonaroja.com.mx\/?p=52188"},"modified":"2023-02-28T07:00:19","modified_gmt":"2023-02-28T13:00:19","slug":"estados-unidos-formaliza-peticion-para-extraditar-a-ovidio-guzman","status":"publish","type":"post","link":"https:\/\/zonaroja.com.mx\/?p=52188","title":{"rendered":"Estados Unidos formaliza petici\u00f3n para extraditar a Ovidio Guzm\u00e1n"},"content":{"rendered":"\n<p>Redacci\u00f3n\/Zona Roja Cdmx.<\/p>\n\n\n\n<p>Ciudad de M\u00e9xico, a 28 de febrero de 2023.- Estados Unidos formaliz\u00f3 ante el Gobierno de M\u00e9xico la solicitud de extradici\u00f3n del presunto narcotraficante Ovidio Guzm\u00e1n, uno de los hijos de Joaqu\u00edn \u2018El Chapo\u2019 Guzm\u00e1n m\u00e1s buscados por Washington y detenido hace casi dos meses, confirmaron este lunes fuentes federales a EFE.<\/p>\n\n\n\n<p>La petici\u00f3n se envi\u00f3 a la Fiscal\u00eda General de la Rep\u00fablica (FGR) d\u00edas antes de que venza el plazo del 5 de marzo, el cual fij\u00f3 un juez mexicano para que Estados Unidos presentara la petici\u00f3n para extraditar a Guzm\u00e1n, detenido desde el 5 de enero en la c\u00e1rcel de Almoloya de Ju\u00e1rez en el Estado de M\u00e9xico.<\/p>\n\n\n\n<p>Washington busca juzgar a Guzm\u00e1n, de 32 a\u00f1os, por el crimen de asociaci\u00f3n delictiva para distribuir coca\u00edna, metanfetamina y marihuana.<\/p>\n\n\n\n<p>La solicitud, que contiene el expediente con la informaci\u00f3n y evidencias recopiladas por el Departamento de Justicia, se turnar\u00e1 al juez Gregorio Salazar Hern\u00e1ndez, del Centro de Justicia Penal de Almoloya.<\/p>\n\n\n\n<p>La petici\u00f3n de Estados Unidos afrontar\u00e1 amparos que ha obtenido Ovidio Guzm\u00e1n, tambi\u00e9n conocido como \u2018El Rat\u00f3n\u2019, para frenar de forma indefinida su extradici\u00f3n.<\/p>\n\n\n\n<p>Por otro lado, se aproxima el plazo de 60 d\u00edas de prisi\u00f3n preventiva que orden\u00f3 un juez mexicano el 6 de enero pasado.<\/p>\n\n\n\n<p>El Ej\u00e9rcito mexicano detuvo el 5 de enero a Ovidio Guzm\u00e1n en Sinaloa y despu\u00e9s lo traslad\u00f3 al Centro Federal de Readaptaci\u00f3n Social (Cefereso) n\u00famero 1 Altiplano, conocido tambi\u00e9n como el penal de Almoloya, ubicado en el Estado de M\u00e9xico, donde tambi\u00e9n estuvo recluido su padre, quien escap\u00f3 de ah\u00ed en 2015.<\/p>\n\n\n\n<p>La detenci\u00f3n sorprendi\u00f3 al ocurrir d\u00edas antes de la visita a M\u00e9xico del presidente estadounidense, Joe Biden, con motivo de la Cumbre de L\u00edderes de Am\u00e9rica del Norte, aunque el mandatario mexicano, Andr\u00e9s Manuel L\u00f3pez Obrador, neg\u00f3 cualquier relaci\u00f3n entre los dos hechos.<\/p>\n\n\n\n<p>Estados Unidos, que ofrec\u00eda 5 millones de d\u00f3lares por su captura desde diciembre de 2021, acusa al presunto narcotraficante de delitos que versan sobre la conspiraci\u00f3n para la introducci\u00f3n de drogas a ese pa\u00eds.<\/p>\n\n\n\n<p>(Informaci\u00f3n de la agencia EFE en \u201cEl Financiero\u201d)<\/p>\n","protected":false},"excerpt":{"rendered":"<p>Redacci\u00f3n\/Zona Roja Cdmx. Ciudad de M\u00e9xico, a 28 de febrero de 2023.- Estados Unidos formaliz\u00f3&hellip;<\/p>\n","protected":false},"author":2,"featured_media":50088,"comment_status":"closed","ping_status":"open","sticky":false,"template":"","format":"standard","meta":{"_lmt_disableupdate":"","_lmt_disable":"","_jetpack_memberships_contains_paid_content":false,"footnotes":""},"categories":[109,47],"tags":[887],"class_list":["post-52188","post","type-post","status-publish","format-standard","has-post-thumbnail","hentry","category-minuto-a-minuto","category-zona-gris","tag-ovidio-guzman-lopez"],"jetpack_featured_media_url":"https:\/\/zonaroja.com.mx\/wp-content\/uploads\/2023\/01\/img_4196.jpg","jetpack_sharing_enabled":true,"_links":{"self":[{"href":"https:\/\/zonaroja.com.mx\/index.php?rest_route=\/wp\/v2\/posts\/52188","targetHints":{"allow":["GET"]}}],"collection":[{"href":"https:\/\/zonaroja.com.mx\/index.php?rest_route=\/wp\/v2\/posts"}],"about":[{"href":"https:\/\/zonaroja.com.mx\/index.php?rest_route=\/wp\/v2\/types\/post"}],"author":[{"embeddable":true,"href":"https:\/\/zonaroja.com.mx\/index.php?rest_route=\/wp\/v2\/users\/2"}],"replies":[{"embeddable":true,"href":"https:\/\/zonaroja.com.mx\/index.php?rest_route=%2Fwp%2Fv2%2Fcomments&post=52188"}],"version-history":[{"count":1,"href":"https:\/\/zonaroja.com.mx\/index.php?rest_route=\/wp\/v2\/posts\/52188\/revisions"}],"predecessor-version":[{"id":52189,"href":"https:\/\/zonaroja.com.mx\/index.php?rest_route=\/wp\/v2\/posts\/52188\/revisions\/52189"}],"wp:featuredmedia":[{"embeddable":true,"href":"https:\/\/zonaroja.com.mx\/index.php?rest_route=\/wp\/v2\/media\/50088"}],"wp:attachment":[{"href":"https:\/\/zonaroja.com.mx\/index.php?rest_route=%2Fwp%2Fv2%2Fmedia&parent=52188"}],"wp:term":[{"taxonomy":"category","embeddable":true,"href":"https:\/\/zonaroja.com.mx\/index.php?rest_route=%2Fwp%2Fv2%2Fcategories&post=52188"},{"taxonomy":"post_tag","embeddable":true,"href":"https:\/\/zonaroja.com.mx\/index.php?rest_route=%2Fwp%2Fv2%2Ftags&post=52188"}],"curies":[{"name":"wp","href":"https:\/\/api.w.org\/{rel}","templated":true}]}}