{"id":52190,"date":"2023-02-28T09:19:00","date_gmt":"2023-02-28T15:19:00","guid":{"rendered":"http:\/\/www.zonaroja.com.mx\/?p=52190"},"modified":"2023-02-28T07:20:56","modified_gmt":"2023-02-28T13:20:56","slug":"el-ine-da-reves-a-dirigente-nacional-del-pri-y-le-impide-prorrogar-cargo","status":"publish","type":"post","link":"https:\/\/zonaroja.com.mx\/?p=52190","title":{"rendered":"El INE da rev\u00e9s a dirigente nacional del PRI y le impide prorrogar cargo"},"content":{"rendered":"\n<p>Redacci\u00f3n\/Zona Roja Cdmx.<\/p>\n\n\n\n<p>Ciudad de M\u00e9xico, a 28 de febrero de 2023.- El Instituto Nacional Electoral (INE) dio un rev\u00e9s a las modificaciones estatutarias del PRI, que prorrogan la dirigencia de Alejandro Moreno C\u00e1rdenas al frente del partido despu\u00e9s hasta 2024.<\/p>\n\n\n\n<p>En votaci\u00f3n dividida de los consejeros electorales de seis votos a favor y cinco en contra, el Consejo General aval\u00f3 el proyecto de resoluci\u00f3n avalado por la Comisi\u00f3n de Prerrogativas y Partidos Pol\u00edticos, que declar\u00f3 la imposibilidad del instituto de pronunciarse sobre la procedencia constitucional y legal de los cambios estatutarios del Revolucionario Institucional.<\/p>\n\n\n\n<p>De acuerdo con los argumentos planteados por el tricolor, el Consejo Pol\u00edtico Nacional est\u00e1 facultado de manera extraordinaria para hacer modificaciones a los estatutos en casos justificados; sin embargo, el INE consider\u00f3 que el partido no justific\u00f3 los cambios realizados.<\/p>\n\n\n\n<p>Consejeros como Adriana Favela, Jos\u00e9 Roberto Ruiz, Dania Ravel, Uuc-kib Espadas y Carla Humphrey no respaldaron la determinaci\u00f3n de la mayor\u00eda de los integrantes del Consejo General, porque consideraron que s\u00ed hubo justificaci\u00f3n por parte del PRI, el cual argument\u00f3 que hizo los cambios a partir de la aprobaci\u00f3n del Plan B de la Reforma Electoral.<\/p>\n\n\n\n<p>Incluso la consejera Humphrey se\u00f1al\u00f3 que en dado caso el INE deber\u00eda declarar la ilegalidad, no la imposibilidad de pronunciarse y apunt\u00f3 que los cambios no s\u00f3lo fueron avalados por el Consejo Pol\u00edtico Nacional, sino por la mayor\u00eda de 26 Consejos Pol\u00edticos Estatales.<\/p>\n\n\n\n<p>Agreg\u00f3 que si es claro que la mayor\u00eda de los integrantes del PRI est\u00e1n a favor del cambio, entonces se deber\u00eda respetar la modificaci\u00f3n estatutaria, porque de todas formas el partido la va a aplicar y \u00fanicamente se retrasar\u00e1 su implementaci\u00f3n entre 68 y 128 d\u00edas.<\/p>\n\n\n\n<p>Al respecto, el consejero Ciro Murayama&nbsp;puntualiz\u00f3 que es respetuoso de la autodeterminaci\u00f3n de los partidos, pero tambi\u00e9n de la legalidad.<\/p>\n\n\n\n<p>\u201cLes dije que adem\u00e1s de ser respetuoso de la autodeterminaci\u00f3n lo soy de la legalidad y los argumentos respecto al n\u00famero de votos son v\u00e1lidos, pero eso no est\u00e1 a consideraci\u00f3n, pero eso no estamos juzgando, si fue un\u00e1nime, sino si la convocatoria a ese Consejo se apega a los propios estatutos\u00bb, declar\u00f3.<\/p>\n\n\n\n<p>\u201cAqu\u00ed se nos ha dicho estuvo debida o indebidamente justificado, yo no puedo entrar a la valoraci\u00f3n, mi punto de vista no es que sea suficiente o insuficientemente clara la causa, me parece inexistente, porque se convoc\u00f3 para adecuar a un marco legal que no hab\u00eda sido reformado, es decir, se vot\u00f3 una adecuaci\u00f3n a un marco legal que al d\u00eda de hoy, meses posteriores, no se ha publicado (el Plan B)\u201d, a\u00f1adi\u00f3.<\/p>\n\n\n\n<p>Durante la sesi\u00f3n del Consejo General, los representantes del PRI, Hiram Hern\u00e1ndez y Rub\u00e9n Moreira \u2013rindi\u00f3 protesta como representante del Poder Legislativo a tiempo para el debate\u2013, argumentaron la importancia de la autodeterminaci\u00f3n de los partidos, la votaci\u00f3n mayoritaria de los miembros del Consejo Pol\u00edtico y la forma en la que se adelant\u00f3 el partido a ajustar sus documentos b\u00e1sicos al Plan B.<\/p>\n\n\n\n<p>Como aliados del PRI, los representantes del PAN, V\u00edctor Hugo Sond\u00f3n, y del PRD, \u00c1ngel \u00c1vila, llamaron al \u00f3rgano electoral a respetar la autodeterminaci\u00f3n de los partidos pol\u00edticos.<\/p>\n\n\n\n<p>(Informaci\u00f3n del diario \u201cLa Raz\u00f3n\u201d)<\/p>\n","protected":false},"excerpt":{"rendered":"<p>Redacci\u00f3n\/Zona Roja Cdmx. Ciudad de M\u00e9xico, a 28 de febrero de 2023.- El Instituto Nacional&hellip;<\/p>\n","protected":false},"author":2,"featured_media":43293,"comment_status":"closed","ping_status":"open","sticky":false,"template":"","format":"standard","meta":{"_lmt_disableupdate":"","_lmt_disable":"","_jetpack_memberships_contains_paid_content":false,"footnotes":""},"categories":[109,47],"tags":[314],"class_list":["post-52190","post","type-post","status-publish","format-standard","has-post-thumbnail","hentry","category-minuto-a-minuto","category-zona-gris","tag-alejandro-moreno-cardenas"],"jetpack_featured_media_url":"https:\/\/zonaroja.com.mx\/wp-content\/uploads\/2022\/07\/Alejandro-Moreno-Cardenas.webp","jetpack_sharing_enabled":true,"_links":{"self":[{"href":"https:\/\/zonaroja.com.mx\/index.php?rest_route=\/wp\/v2\/posts\/52190","targetHints":{"allow":["GET"]}}],"collection":[{"href":"https:\/\/zonaroja.com.mx\/index.php?rest_route=\/wp\/v2\/posts"}],"about":[{"href":"https:\/\/zonaroja.com.mx\/index.php?rest_route=\/wp\/v2\/types\/post"}],"author":[{"embeddable":true,"href":"https:\/\/zonaroja.com.mx\/index.php?rest_route=\/wp\/v2\/users\/2"}],"replies":[{"embeddable":true,"href":"https:\/\/zonaroja.com.mx\/index.php?rest_route=%2Fwp%2Fv2%2Fcomments&post=52190"}],"version-history":[{"count":1,"href":"https:\/\/zonaroja.com.mx\/index.php?rest_route=\/wp\/v2\/posts\/52190\/revisions"}],"predecessor-version":[{"id":52191,"href":"https:\/\/zonaroja.com.mx\/index.php?rest_route=\/wp\/v2\/posts\/52190\/revisions\/52191"}],"wp:featuredmedia":[{"embeddable":true,"href":"https:\/\/zonaroja.com.mx\/index.php?rest_route=\/wp\/v2\/media\/43293"}],"wp:attachment":[{"href":"https:\/\/zonaroja.com.mx\/index.php?rest_route=%2Fwp%2Fv2%2Fmedia&parent=52190"}],"wp:term":[{"taxonomy":"category","embeddable":true,"href":"https:\/\/zonaroja.com.mx\/index.php?rest_route=%2Fwp%2Fv2%2Fcategories&post=52190"},{"taxonomy":"post_tag","embeddable":true,"href":"https:\/\/zonaroja.com.mx\/index.php?rest_route=%2Fwp%2Fv2%2Ftags&post=52190"}],"curies":[{"name":"wp","href":"https:\/\/api.w.org\/{rel}","templated":true}]}}