{"id":52192,"date":"2023-02-28T07:26:37","date_gmt":"2023-02-28T13:26:37","guid":{"rendered":"http:\/\/www.zonaroja.com.mx\/?p=52192"},"modified":"2023-02-28T08:26:17","modified_gmt":"2023-02-28T14:26:17","slug":"organizacion-hrw-demanda-esclarecer-crimenes-de-5-jovenes-en-tamaulipas","status":"publish","type":"post","link":"https:\/\/zonaroja.com.mx\/?p=52192","title":{"rendered":"Organizaci\u00f3n HRW demanda esclarecer cr\u00edmenes de 5 j\u00f3venes en Tamaulipas"},"content":{"rendered":"\n<p>Redacci\u00f3n\/Zona Roja Cdmx.<\/p>\n\n\n\n<p>Ciudad de M\u00e9xico, a 28 de febrero de 2023.-&nbsp; La organizaci\u00f3n internacional Human Rights Watch (HRW) expres\u00f3 su preocupaci\u00f3n por el asesinato de cinco j\u00f3venes, entre ellos uno de nacionalidad estadounidense, presuntamente a manos de militares en la fronteriza ciudad de Nuevo Laredo, al norte de Tamaulipas.<\/p>\n\n\n\n<p>\u201cEstamos @hrw_espanol muy preocupados por denuncias de que militares dispararon contra una camioneta en Nuevo Laredo matando a 5 j\u00f3venes el domingo. Videos de despu\u00e9s del incidente muestran un caos. Soldados pelean con vecinos, periodistas y defensores de DDHH y disparan al aire\u201d, alert\u00f3 la organizaci\u00f3n ayer en su cuenta de Twitter.<\/p>\n\n\n\n<p>La masacre ocurri\u00f3 el pasado domingo, cuando la unidad en que viajaban seis j\u00f3venes fue baleada por elementos del Ej\u00e9rcito Mexicano, de acuerdo con versiones de testigos. Cinco personas murieron y una m\u00e1s result\u00f3 herida de gravedad.<\/p>\n\n\n\n<p>Habitantes de la colonia Manuel Cavazos Lerma \u2014donde ocurrieron los hechos\u2014 acusan que se trat\u00f3 de una ejecuci\u00f3n extrajudicial, pues los j\u00f3venes no portaban armas ni agredieron a los militares.<\/p>\n\n\n\n<p>Las v\u00edctimas, de entre 20 y 26 a\u00f1os de edad, fueron identificadas como Gustavo P\u00e9rez Beriles, Wilberto Mata Estrada, Jonatan Aguilar Sanchez, Gustavo Angel Ju\u00e1rez Castillo \u2014 de nacionalidad estadounidense\u2014 y Alejandro Trujillo Rocha, mientras que Luis Gerardo N sobrevivi\u00f3 y se encuentra grave en un hospital de la ciudad.<\/p>\n\n\n\n<p>Tras el incidente, testigos se enfrentaron con los militares para evitar que remolcaran la camioneta, pues acusaron que buscaban ocultar evidencia del presunto crimen. Los civiles agredieron a los soldados con palos y piedras, y estos respondieron con disparos al aire para disipar a la multitud, logrando llevarse el veh\u00edculo.<\/p>\n\n\n\n<figure class=\"wp-block-embed is-type-rich is-provider-twitter wp-block-embed-twitter\"><div class=\"wp-block-embed__wrapper\">\n<div class=\"twitter-tweet\"><blockquote class=\"twitter-tweet\" data-lang=\"es\"><p lang=\"es\" dir=\"ltr\">\u00bfY qu\u00e9 le parece? A m\u00e1s de 24 horas en que militares dispararon contra j\u00f3venes y mataron a cinco de ellos, en Nuevo Laredo, <a href=\"https:\/\/twitter.com\/hashtag\/Tamaulipas?src=hash&amp;ref_src=twsrc%5Etfw\">#Tamaulipas<\/a>, la <a href=\"https:\/\/twitter.com\/SEDENAmx?ref_src=twsrc%5Etfw\">@SEDENAmx<\/a> a\u00fan no ha emitido un informe oficial de los hechos. <a href=\"https:\/\/t.co\/V0usNbvk48\">pic.twitter.com\/V0usNbvk48<\/a><\/p>&mdash; Zona Roja Oaxaca (@ZonaRoja_Oaxaca) <a href=\"https:\/\/twitter.com\/ZonaRoja_Oaxaca\/status\/1630396150887882753?ref_src=twsrc%5Etfw\">28 de febrero de 2023<\/a><\/blockquote><\/div>\n<\/div><\/figure>\n\n\n\n<p>El investigador para M\u00e9xico y Guatemala en la divisi\u00f3n de las Am\u00e9ricas de HRW, Tyler Mattiace, mencion\u00f3 la preocupaci\u00f3n que genera este crimen en el plano nacional e internacional.<\/p>\n\n\n\n<p>\u201cPese al se\u00f1alamiento por parte de HRW y del Comit\u00e9 de Derechos Humanos de Nuevo Laredo, hasta este lunes la Fiscal\u00eda General de la Rep\u00fablica (FGR) ni la Secretar\u00eda de la Defensa Nacional (Sedena) hab\u00edan emitido un informe o pronunciamiento al respecto\u201d, dijo el activista en su cuenta de Twitter.<\/p>\n\n\n\n<p>Aun cuando se menciona que entre las v\u00edctimas mortales hay un ciudadano estadounidense, el Consulado de Estados Unidos en Nuevo Laredo no se ha pronunciado al respecto.<\/p>\n\n\n\n<p>El Comit\u00e9 de Derechos Humanos de Nuevo Laredo tambi\u00e9n se pronunci\u00f3 en contra del crimen y proporcion\u00f3 representaci\u00f3n jur\u00eddica a los familiares de las v\u00edctimas, adem\u00e1s agreg\u00f3 que en la camioneta donde viajaban los seis varones no se encontraron art\u00edculos o sustancias que representar\u00e1n peligro o la presunta comisi\u00f3n de alg\u00fan delito.<\/p>\n\n\n\n<p>\u201cDe acuerdo a la informaci\u00f3n que hemos solicitado a la FGR no hay armas, no hay cargadores, no hay municiones, no hay drogas, es decir no hay il\u00edcitos\u201d, dijo Raymundo Ramos V\u00e1zquez, presidente del Comit\u00e9 de Derechos Humanos de Nuevo Laredo.<\/p>\n\n\n\n<p>La organizaci\u00f3n precis\u00f3 que cuentan con videos proporcionados por los vecinos que aportar\u00e1n evidencia de que los j\u00f3venes no agredieron a los militares.<\/p>\n\n\n\n<p>(Informaci\u00f3n de \u201cEl Sol de M\u00e9xico\u201d)<\/p>\n","protected":false},"excerpt":{"rendered":"<p>Redacci\u00f3n\/Zona Roja Cdmx. Ciudad de M\u00e9xico, a 28 de febrero de 2023.-&nbsp; La organizaci\u00f3n internacional&hellip;<\/p>\n","protected":false},"author":2,"featured_media":52193,"comment_status":"closed","ping_status":"open","sticky":false,"template":"","format":"standard","meta":{"_lmt_disableupdate":"","_lmt_disable":"","_jetpack_memberships_contains_paid_content":false,"footnotes":""},"categories":[109,51],"tags":[2393],"class_list":["post-52192","post","type-post","status-publish","format-standard","has-post-thumbnail","hentry","category-minuto-a-minuto","category-zona-roja","tag-calcinados-tamaulipas"],"jetpack_featured_media_url":"https:\/\/zonaroja.com.mx\/wp-content\/uploads\/2023\/02\/Asesinato-jovenes-Tamaulipas.jpeg","jetpack_sharing_enabled":true,"_links":{"self":[{"href":"https:\/\/zonaroja.com.mx\/index.php?rest_route=\/wp\/v2\/posts\/52192","targetHints":{"allow":["GET"]}}],"collection":[{"href":"https:\/\/zonaroja.com.mx\/index.php?rest_route=\/wp\/v2\/posts"}],"about":[{"href":"https:\/\/zonaroja.com.mx\/index.php?rest_route=\/wp\/v2\/types\/post"}],"author":[{"embeddable":true,"href":"https:\/\/zonaroja.com.mx\/index.php?rest_route=\/wp\/v2\/users\/2"}],"replies":[{"embeddable":true,"href":"https:\/\/zonaroja.com.mx\/index.php?rest_route=%2Fwp%2Fv2%2Fcomments&post=52192"}],"version-history":[{"count":2,"href":"https:\/\/zonaroja.com.mx\/index.php?rest_route=\/wp\/v2\/posts\/52192\/revisions"}],"predecessor-version":[{"id":52205,"href":"https:\/\/zonaroja.com.mx\/index.php?rest_route=\/wp\/v2\/posts\/52192\/revisions\/52205"}],"wp:featuredmedia":[{"embeddable":true,"href":"https:\/\/zonaroja.com.mx\/index.php?rest_route=\/wp\/v2\/media\/52193"}],"wp:attachment":[{"href":"https:\/\/zonaroja.com.mx\/index.php?rest_route=%2Fwp%2Fv2%2Fmedia&parent=52192"}],"wp:term":[{"taxonomy":"category","embeddable":true,"href":"https:\/\/zonaroja.com.mx\/index.php?rest_route=%2Fwp%2Fv2%2Fcategories&post=52192"},{"taxonomy":"post_tag","embeddable":true,"href":"https:\/\/zonaroja.com.mx\/index.php?rest_route=%2Fwp%2Fv2%2Ftags&post=52192"}],"curies":[{"name":"wp","href":"https:\/\/api.w.org\/{rel}","templated":true}]}}