{"id":52202,"date":"2023-02-28T10:16:00","date_gmt":"2023-02-28T16:16:00","guid":{"rendered":"http:\/\/www.zonaroja.com.mx\/?p=52202"},"modified":"2023-02-28T08:25:22","modified_gmt":"2023-02-28T14:25:22","slug":"poder-judicial-actua-con-perspectiva-de-genero-y-aplica-procesos-contra-jueces-senalados","status":"publish","type":"post","link":"https:\/\/zonaroja.com.mx\/?p=52202","title":{"rendered":"Poder Judicial act\u00faa con perspectiva de g\u00e9nero y aplica procesos contra jueces se\u00f1alados"},"content":{"rendered":"\n<p>Yuridiana Sosa\/Zona Roja.<\/p>\n\n\n\n<p>Oaxaca de Ju\u00e1rez, Oax., a 27 de febrero de 2023.- Con el prop\u00f3sito de juzgar con una mayor perspectiva de g\u00e9nero, el Tribunal Superior de Justicia del Estado de Oaxaca aplica diversas acciones a fin de capacitar y profesionalizar a sus jueces, se\u00f1al\u00f3 su titular, Eduardo Pinacho S\u00e1nchez.<\/p>\n\n\n\n<p>En entrevista, el magistrado presidente tambi\u00e9n coment\u00f3 sobre los casos de jueces que tienen se\u00f1alamientos y procesos administrativos por impartir justicia presuntamente de forma incorrecta en casos relacionados a violencia de g\u00e9nero.<\/p>\n\n\n\n<p>Pinacho S\u00e1nchez indic\u00f3 que han dispuesto de herramientas te\u00f3ricas y metodol\u00f3gicas para juzgar con perspectiva de g\u00e9nero, como son convenios con Universidades de alto nivel a nivel internacional para realizar una maestr\u00eda en Derecho Judicial.<\/p>\n\n\n\n<p>Con ese tipo de formaci\u00f3n se trata de dotar a los jueces y juezas de todo el potencial para que en todos los casos involucren en sus determinaciones los derechos de las mujeres, la ni\u00f1ez y personas ind\u00edgenas.<\/p>\n\n\n\n<p>Sobre los casos de jueces se\u00f1alados por incurrir en violaciones a los derechos de las v\u00edctimas, el titular del Poder Judicial indic\u00f3 que hasta ahora se cuentan con denuncias contra dos jueces, contra quienes el Consejo de la Judicatura realiza investigaciones de car\u00e1cter administrativo para acreditar o no la responsabilidad de sus actuaciones para que se impongan las sanciones correspondientes.<\/p>\n\n\n\n<figure class=\"wp-block-embed is-type-rich is-provider-twitter wp-block-embed-twitter\"><div class=\"wp-block-embed__wrapper\">\n<div class=\"twitter-tweet\"><blockquote class=\"twitter-tweet\" data-lang=\"es\"><p lang=\"es\" dir=\"ltr\">El titular del Poder Judicial (<a href=\"https:\/\/twitter.com\/tsjoaxaca?ref_src=twsrc%5Etfw\">@tsjoaxaca<\/a>) fue entrevistado este lunes en el centro Oaxaca capital, donde habl\u00f3 de la perspectiva de g\u00e9nero que se aplica en la administraci\u00f3n de justicia, as\u00ed como la revisi\u00f3n de casos de jueces que hayan incurrido en probables irregularidades. <a href=\"https:\/\/t.co\/u17U1x3cfc\">pic.twitter.com\/u17U1x3cfc<\/a><\/p>&mdash; Zona Roja Oaxaca (@ZonaRoja_Oaxaca) <a href=\"https:\/\/twitter.com\/ZonaRoja_Oaxaca\/status\/1630322093861621760?ref_src=twsrc%5Etfw\">27 de febrero de 2023<\/a><\/blockquote><\/div>\n<\/div><\/figure>\n\n\n\n<p>Por otro lado, apunt\u00f3, existe la revisi\u00f3n de casos desde el punto de vista procesal, que le corresponde a cada Sala, y en ese sentido se establecen condiciones para fincar responsabilidad, cuando exista.<\/p>\n\n\n\n<p>Sobre el caso particular de la queja sobre del juez Te\u00f3dulo Pinacho, en el caso de la saxofonista Mar\u00eda Elena R\u00edos, indic\u00f3 que se encuentra en tr\u00e1mite procesal de car\u00e1cter administrativo, pero hasta ahora se considera como una actuaci\u00f3n presuntamente legal, pero para la conclusi\u00f3n de cuyo proceso no existe un tiempo determinado.<\/p>\n\n\n\n<p>Ante la denuncia de Mar\u00eda Elena R\u00edos en dilaci\u00f3n del caso, en el que su agresor detenido a\u00fan no recibe sentencia, el magistrado expres\u00f3 su respeto por la perspectiva de ella sobre el caso, pero se sigue el procedimiento que correspondiente, y en este caso se le da tr\u00e1mite tambi\u00e9n a su solicitud, que consiste en que el juez se abstenga de conocer su asunto.<\/p>\n\n\n\n<p>El presidente del TSJEO hizo especial \u00e9nfasis en el tema de la violencia, de la cual el Congreso de Oaxaca ha se\u00f1alado y exhortado a diversas dependencias y a este poder a realizar mayores esfuerzos.<\/p>\n\n\n\n<p>Indic\u00f3 que abatir la violencia no solo corresponde al sistema de justicia, pues tambi\u00e9n es necesaria la implementaci\u00f3n de estrategias pol\u00edticas de prevenci\u00f3n y concientizaci\u00f3n social.<\/p>\n\n\n\n<p>\u201cEstamos involucrados todos, al sistema de justicia nos corresponde dotarnos de capacidad para juzgar, pero no somos los \u00fanicos responsables\u201d, puntualiz\u00f3.&nbsp;<\/p>\n","protected":false},"excerpt":{"rendered":"<p>Yuridiana Sosa\/Zona Roja. Oaxaca de Ju\u00e1rez, Oax., a 27 de febrero de 2023.- Con el&hellip;<\/p>\n","protected":false},"author":2,"featured_media":52203,"comment_status":"closed","ping_status":"open","sticky":false,"template":"","format":"standard","meta":{"_lmt_disableupdate":"","_lmt_disable":"","_jetpack_memberships_contains_paid_content":false,"footnotes":""},"categories":[109,46],"tags":[223],"class_list":["post-52202","post","type-post","status-publish","format-standard","has-post-thumbnail","hentry","category-minuto-a-minuto","category-zona-blanca","tag-poder-judicial-de-oaxaca"],"jetpack_featured_media_url":"https:\/\/zonaroja.com.mx\/wp-content\/uploads\/2023\/02\/Eduardo-Pinacho-Sanchez.jpg","jetpack_sharing_enabled":true,"_links":{"self":[{"href":"https:\/\/zonaroja.com.mx\/index.php?rest_route=\/wp\/v2\/posts\/52202","targetHints":{"allow":["GET"]}}],"collection":[{"href":"https:\/\/zonaroja.com.mx\/index.php?rest_route=\/wp\/v2\/posts"}],"about":[{"href":"https:\/\/zonaroja.com.mx\/index.php?rest_route=\/wp\/v2\/types\/post"}],"author":[{"embeddable":true,"href":"https:\/\/zonaroja.com.mx\/index.php?rest_route=\/wp\/v2\/users\/2"}],"replies":[{"embeddable":true,"href":"https:\/\/zonaroja.com.mx\/index.php?rest_route=%2Fwp%2Fv2%2Fcomments&post=52202"}],"version-history":[{"count":1,"href":"https:\/\/zonaroja.com.mx\/index.php?rest_route=\/wp\/v2\/posts\/52202\/revisions"}],"predecessor-version":[{"id":52204,"href":"https:\/\/zonaroja.com.mx\/index.php?rest_route=\/wp\/v2\/posts\/52202\/revisions\/52204"}],"wp:featuredmedia":[{"embeddable":true,"href":"https:\/\/zonaroja.com.mx\/index.php?rest_route=\/wp\/v2\/media\/52203"}],"wp:attachment":[{"href":"https:\/\/zonaroja.com.mx\/index.php?rest_route=%2Fwp%2Fv2%2Fmedia&parent=52202"}],"wp:term":[{"taxonomy":"category","embeddable":true,"href":"https:\/\/zonaroja.com.mx\/index.php?rest_route=%2Fwp%2Fv2%2Fcategories&post=52202"},{"taxonomy":"post_tag","embeddable":true,"href":"https:\/\/zonaroja.com.mx\/index.php?rest_route=%2Fwp%2Fv2%2Ftags&post=52202"}],"curies":[{"name":"wp","href":"https:\/\/api.w.org\/{rel}","templated":true}]}}