{"id":52208,"date":"2023-02-28T15:27:00","date_gmt":"2023-02-28T21:27:00","guid":{"rendered":"http:\/\/www.zonaroja.com.mx\/?p=52208"},"modified":"2023-02-28T19:17:34","modified_gmt":"2023-03-01T01:17:34","slug":"p2-12","status":"publish","type":"post","link":"https:\/\/zonaroja.com.mx\/?p=52208","title":{"rendered":"Denuncian ONG ilegalidad en elecci\u00f3n del titular de Comisi\u00f3n de V\u00edctimas"},"content":{"rendered":"\n<p>Yuridiana Sosa\/Zona Roja.<\/p>\n\n\n\n<p>Oaxaca de Ju\u00e1rez, Oax., a 28 de febrero de 2023.- Organismos civiles defensores de derechos humanos, activistas y v\u00edctimas denunciaron la injerencia de un juez federal en la elecci\u00f3n del titular de la Comisi\u00f3n Ejecutiva Estatal de Atenci\u00f3n Integral a V\u00edctimas, lo cual es violatorio al debido proceso.<\/p>\n\n\n\n<p>En conferencia de prensa, defensoras de derechos humanos exigieron al Congreso de Oaxaca la reposici\u00f3n del procedimiento y a la Secretar\u00eda de Gobierno atender con urgencia el caso, mismo que era llevado a cabo por dicha dependencia.<\/p>\n\n\n\n<p>Luego de una convocatoria irregular, con poca difusi\u00f3n a prisa y con requisitos innecesarios, el Gobierno del Estado inici\u00f3 dicho proceso, el cual es el tercero \u2013los anteriores en la pasada administraci\u00f3n-, pero se vio interrumpido en la fase de entrevistas a 11 postulantes ante la orden de un juez federal.<\/p>\n\n\n\n<p>El acuerdo federal obliga al Congreso de Oaxaca a elegir de una terna seleccionada en el proceso anterior del mes de octubre, durante el gobierno de Alejandro Murat, misma que fue desechada por el propio Congreso a falta de perfiles id\u00f3neos para dirigir dicho organismo.<\/p>\n\n\n\n<p>Las activistas indicaron que la terna est\u00e1 compuesta por Amalia Rueda Alonso, Jos\u00e9 Manuel Victoria Mendoza y Mar\u00eda Diana Alba Pasar\u00e1n.<\/p>\n\n\n\n<p>De llevarse a acabo la elecci\u00f3n por medio de la orden judicial se volver\u00eda a romper y violar con el principio de tomar en cuenta la participaci\u00f3n de organismos y personas que fungen como defensores, activistas y las v\u00edctimas de hechos.<\/p>\n\n\n\n<p>La elecci\u00f3n de una persona no id\u00f3nea sentar\u00eda la huella del gobierno estatal pasado, que dej\u00f3 una deuda en materia de derechos humanos y un rastro de impunidad, por lo que urge que la Secretar\u00eda de Gobierno act\u00fae sobre el hecho.\u00a0<\/p>\n\n\n\n<figure class=\"wp-block-embed is-type-rich is-provider-twitter wp-block-embed-twitter\"><div class=\"wp-block-embed__wrapper\">\n<div class=\"twitter-tweet\"><blockquote class=\"twitter-tweet\" data-lang=\"es\"><p lang=\"es\" dir=\"ltr\"><a href=\"https:\/\/twitter.com\/hashtag\/ENVIVO?src=hash&amp;ref_src=twsrc%5Etfw\">#ENVIVO<\/a> <br>Oaxaca de Ju\u00e1rez, Oax., a 28 de febrero de 2023.- Conferencia de prensa de organismos civiles para denunciar irregularidades en la convocatoria para la elecci\u00f3n de la Comisi\u00f3n Estatal de Atenci\u00f3n V\u00edctimas en Oaxaca.<br><br>Transmisi\u00f3n \ud83d\udc47<a href=\"https:\/\/t.co\/8FmeG6Vjh9\">https:\/\/t.co\/8FmeG6Vjh9<\/a> <a href=\"https:\/\/t.co\/DpXJ3zJYhX\">pic.twitter.com\/DpXJ3zJYhX<\/a><\/p>&mdash; Zona Roja Oaxaca (@ZonaRoja_Oaxaca) <a href=\"https:\/\/twitter.com\/ZonaRoja_Oaxaca\/status\/1630655385047629825?ref_src=twsrc%5Etfw\">28 de febrero de 2023<\/a><\/blockquote><\/div>\n<\/div><\/figure>\n","protected":false},"excerpt":{"rendered":"<p>Yuridiana Sosa\/Zona Roja. Oaxaca de Ju\u00e1rez, Oax., a 28 de febrero de 2023.- Organismos civiles&hellip;<\/p>\n","protected":false},"author":2,"featured_media":52213,"comment_status":"closed","ping_status":"open","sticky":false,"template":"","format":"standard","meta":{"_lmt_disableupdate":"","_lmt_disable":"","_jetpack_memberships_contains_paid_content":false,"footnotes":""},"categories":[109,47],"tags":[],"class_list":["post-52208","post","type-post","status-publish","format-standard","has-post-thumbnail","hentry","category-minuto-a-minuto","category-zona-gris"],"jetpack_featured_media_url":"https:\/\/zonaroja.com.mx\/wp-content\/uploads\/2023\/02\/Conferencia-de-prensa-ONG-comision-victimas.jpg","jetpack_sharing_enabled":true,"_links":{"self":[{"href":"https:\/\/zonaroja.com.mx\/index.php?rest_route=\/wp\/v2\/posts\/52208","targetHints":{"allow":["GET"]}}],"collection":[{"href":"https:\/\/zonaroja.com.mx\/index.php?rest_route=\/wp\/v2\/posts"}],"about":[{"href":"https:\/\/zonaroja.com.mx\/index.php?rest_route=\/wp\/v2\/types\/post"}],"author":[{"embeddable":true,"href":"https:\/\/zonaroja.com.mx\/index.php?rest_route=\/wp\/v2\/users\/2"}],"replies":[{"embeddable":true,"href":"https:\/\/zonaroja.com.mx\/index.php?rest_route=%2Fwp%2Fv2%2Fcomments&post=52208"}],"version-history":[{"count":3,"href":"https:\/\/zonaroja.com.mx\/index.php?rest_route=\/wp\/v2\/posts\/52208\/revisions"}],"predecessor-version":[{"id":52214,"href":"https:\/\/zonaroja.com.mx\/index.php?rest_route=\/wp\/v2\/posts\/52208\/revisions\/52214"}],"wp:featuredmedia":[{"embeddable":true,"href":"https:\/\/zonaroja.com.mx\/index.php?rest_route=\/wp\/v2\/media\/52213"}],"wp:attachment":[{"href":"https:\/\/zonaroja.com.mx\/index.php?rest_route=%2Fwp%2Fv2%2Fmedia&parent=52208"}],"wp:term":[{"taxonomy":"category","embeddable":true,"href":"https:\/\/zonaroja.com.mx\/index.php?rest_route=%2Fwp%2Fv2%2Fcategories&post=52208"},{"taxonomy":"post_tag","embeddable":true,"href":"https:\/\/zonaroja.com.mx\/index.php?rest_route=%2Fwp%2Fv2%2Ftags&post=52208"}],"curies":[{"name":"wp","href":"https:\/\/api.w.org\/{rel}","templated":true}]}}