{"id":52218,"date":"2023-02-28T21:10:52","date_gmt":"2023-03-01T03:10:52","guid":{"rendered":"http:\/\/www.zonaroja.com.mx\/?p=52218"},"modified":"2023-02-28T21:10:58","modified_gmt":"2023-03-01T03:10:58","slug":"justifica-gobierno-que-desalojo-violento-de-triquis-fue-porque-vendian-productos","status":"publish","type":"post","link":"https:\/\/zonaroja.com.mx\/?p=52218","title":{"rendered":"Justifica gobierno que desalojo violento de triquis fue porque vend\u00edan productos"},"content":{"rendered":"\n<p>Redacci\u00f3n\/Zona Roja.<\/p>\n\n\n\n<p>Oaxaca de Ju\u00e1rez, Oax., a 28 de febrero de 2026.- El gobierno de Oaxaca justific\u00f3 que el retiro violento de ind\u00edgenas triquis encabezadas por Lorena Merino fue porque \u201ccomercializaban productos en los arcos del Palacio de Gobierno\u201d.<\/p>\n\n\n\n<p>Sin embargo, medios de comunicaci\u00f3n que cubrieron momentos antes la protesta de los manifestantes, corroboraron que no hab\u00eda puestos de ventas; tampoco dio a conocer los delitos por los cuales fueron detenidos y llevados a los separos.<\/p>\n\n\n\n<p>En un comunicado, a trav\u00e9s de la Secretar\u00eda de Gobierno que encabeza Jes\u00fas Romero L\u00f3pez detall\u00f3 que el retiro fue \u201ccon apego a los protocolos de Derechos Humanos\u201d, por parte de mujeres de la Secretar\u00eda de Seguridad y Protecci\u00f3n Ciudadana y de la Polic\u00eda, \u201cluego de ser sorprendidas comercializando nuevamente productos en este espacio\u201d.<\/p>\n\n\n\n<p>Agreg\u00f3 que el retiro del grupo de manifestantes \u201cse realiz\u00f3 en cumplimiento a las ordenanzas municipales, toda vez que la comercializaci\u00f3n de productos en la v\u00eda p\u00fablica no est\u00e1 permitida\u201d.<\/p>\n\n\n\n<p>Asever\u00f3 que previo a la actuaci\u00f3n de la Secretar\u00eda de Seguridad y Protecci\u00f3n Ciudadana (SSPC), \u201cinspectoras del Comercio Ambulante del Municipio de Oaxaca de Ju\u00e1rez fueron agredidas por el grupo de manifestantes triquis, luego de que les solicitaran, bajo un marco de respeto, que evitaran comercializar sus productos o se retiraran del lugar\u201d.<\/p>\n\n\n\n<p>Detall\u00f3 que \u201cha existido un di\u00e1logo permanente con el grupo de manifestantes triquis a quienes se le han ofertado propuestas que posteriormente han quedado sin validez ante el incumplimiento y falta de compromiso.<\/p>\n\n\n\n<p>\u201cEl gobierno de Oaxaca seguir\u00e1 abierto al di\u00e1logo, en un marco de transparencia plena para atender su situaci\u00f3n, pese a que ya no cuentan con medidas cautelares\u201d.<\/p>\n\n\n\n<p>Tampoco ha detallado hasta esta noche la situaci\u00f3n jur\u00eddica ni el n\u00famero oficial de personas detenidas.<\/p>\n","protected":false},"excerpt":{"rendered":"<p>Redacci\u00f3n\/Zona Roja. Oaxaca de Ju\u00e1rez, Oax., a 28 de febrero de 2026.- El gobierno de&hellip;<\/p>\n","protected":false},"author":2,"featured_media":52219,"comment_status":"closed","ping_status":"open","sticky":false,"template":"","format":"standard","meta":{"_lmt_disableupdate":"","_lmt_disable":"","_jetpack_memberships_contains_paid_content":false,"footnotes":""},"categories":[109,47],"tags":[2037],"class_list":["post-52218","post","type-post","status-publish","format-standard","has-post-thumbnail","hentry","category-minuto-a-minuto","category-zona-gris","tag-indigenas-triquis-copala"],"jetpack_featured_media_url":"https:\/\/zonaroja.com.mx\/wp-content\/uploads\/2023\/02\/Triquis-policias-Lorena-Merino-desalojo.jpg","jetpack_sharing_enabled":true,"_links":{"self":[{"href":"https:\/\/zonaroja.com.mx\/index.php?rest_route=\/wp\/v2\/posts\/52218","targetHints":{"allow":["GET"]}}],"collection":[{"href":"https:\/\/zonaroja.com.mx\/index.php?rest_route=\/wp\/v2\/posts"}],"about":[{"href":"https:\/\/zonaroja.com.mx\/index.php?rest_route=\/wp\/v2\/types\/post"}],"author":[{"embeddable":true,"href":"https:\/\/zonaroja.com.mx\/index.php?rest_route=\/wp\/v2\/users\/2"}],"replies":[{"embeddable":true,"href":"https:\/\/zonaroja.com.mx\/index.php?rest_route=%2Fwp%2Fv2%2Fcomments&post=52218"}],"version-history":[{"count":1,"href":"https:\/\/zonaroja.com.mx\/index.php?rest_route=\/wp\/v2\/posts\/52218\/revisions"}],"predecessor-version":[{"id":52220,"href":"https:\/\/zonaroja.com.mx\/index.php?rest_route=\/wp\/v2\/posts\/52218\/revisions\/52220"}],"wp:featuredmedia":[{"embeddable":true,"href":"https:\/\/zonaroja.com.mx\/index.php?rest_route=\/wp\/v2\/media\/52219"}],"wp:attachment":[{"href":"https:\/\/zonaroja.com.mx\/index.php?rest_route=%2Fwp%2Fv2%2Fmedia&parent=52218"}],"wp:term":[{"taxonomy":"category","embeddable":true,"href":"https:\/\/zonaroja.com.mx\/index.php?rest_route=%2Fwp%2Fv2%2Fcategories&post=52218"},{"taxonomy":"post_tag","embeddable":true,"href":"https:\/\/zonaroja.com.mx\/index.php?rest_route=%2Fwp%2Fv2%2Ftags&post=52218"}],"curies":[{"name":"wp","href":"https:\/\/api.w.org\/{rel}","templated":true}]}}