{"id":52221,"date":"2023-02-28T22:07:59","date_gmt":"2023-03-01T04:07:59","guid":{"rendered":"http:\/\/www.zonaroja.com.mx\/?p=52221"},"modified":"2023-02-28T22:08:02","modified_gmt":"2023-03-01T04:08:02","slug":"enesimo-dia-de-ingobernabilidad-en-oaxaca-con-multiples-bloqueos-y-protestas","status":"publish","type":"post","link":"https:\/\/zonaroja.com.mx\/?p=52221","title":{"rendered":"En\u00e9simo d\u00eda de ingobernabilidad en Oaxaca, con m\u00faltiples bloqueos y protestas"},"content":{"rendered":"\n<p>Yuridiana Sosa\/Zona Roja.<\/p>\n\n\n\n<p>Oaxaca de Ju\u00e1rez, Oax., a 28 de febrero de 2023.- &nbsp;Los bloqueos, protestas y \u201ctomas\u201d de oficinas continuaron por segundo d\u00eda consecutivo en la entidad, en la que la Secretar\u00eda de Gobierno s\u00f3lo alcanza a montar operativo para el retiro de manifestantes triquis en Palacio de Gobierno.<\/p>\n\n\n\n<p>Por segundo d\u00eda, habitantes de la regi\u00f3n del Istmo bloquearon la v\u00eda del ferrocarril de las obras del Corredor Interoce\u00e1nico en el tramo Mogo\u00f1\u00e9 Viejo-Vixidu, del municipio de San Juan Guichicovi.<\/p>\n\n\n\n<p>La desatenci\u00f3n del gobierno de Oaxaca propici\u00f3 que se vieran afectadas de nuevo las v\u00edas por los inconformes afiliados a la Uni\u00f3n de Comunidades Ind\u00edgenas de la Zona Norte del Istmo (Ucizoni).<\/p>\n\n\n\n<p>As\u00ed tambi\u00e9n, nuevamente fue cerrada la carretera federal 200 Salina Cruz-Pinotepa, a la altura de Santa Cruz Bamba, del municipio de Tehuantepec.<\/p>\n\n\n\n<p>Los pobladores de Santa Cruz Bamba exigen a la empresa Infraestructura y Energ\u00edas Renovables Layza S.A. De C.V. el pago de m\u00e1s de 10 millones de pesos por la extracci\u00f3n de piedra que se ocupa para los trabajos del rompeolas que se construye en Salina Cruz.<\/p>\n\n\n\n<p>Los habitantes indican posibles actos de corrupci\u00f3n y complicidad entre la empresa y el gobierno estatal, quien sigue sin atender el caso.<\/p>\n\n\n\n<p>Por la tarde, los bloqueos se intensificaron con la presencia de un grupo de conductores del servicio p\u00fablico que cerraron el paso en la carretera local a Lagunas, a la altura de la poblaci\u00f3n de Buenavista del municipio de Santa Mar\u00eda Petapa, esto ante el ingreso de unidades piratas a la zona.<\/p>\n\n\n\n<p>Adem\u00e1s, integrantes de la Alianza de Transportistas de la Costa bloquearon la carretera federal 125 Pinotepa &#8211; Putla a la altura de la poblaci\u00f3n de San Sebasti\u00e1n Ixcapa.<\/p>\n\n\n\n<p>La manifestaci\u00f3n se debi\u00f3 a la detenci\u00f3n de un taxista de esta poblaci\u00f3n en San Juan Cacahuatepec, y de ah\u00ed se deriv\u00f3 el bloqueo sobre esta v\u00eda federal.<\/p>\n\n\n\n<figure class=\"wp-block-embed is-type-rich is-provider-twitter wp-block-embed-twitter\"><div class=\"wp-block-embed__wrapper\">\n<div class=\"twitter-tweet\"><blockquote class=\"twitter-tweet\" data-lang=\"es\"><p lang=\"es\" dir=\"ltr\">Adem\u00e1s, en el <a href=\"https:\/\/twitter.com\/MACOaxaca?ref_src=twsrc%5Etfw\">@MACOaxaca<\/a>, ubicado en el Centro Hist\u00f3rico de la capital, resurge la inconformidad de trabajadores despedidos desde hace dos a\u00f1os y a\u00fan no liquidados. <a href=\"https:\/\/t.co\/4TllT66wAu\">pic.twitter.com\/4TllT66wAu<\/a><\/p>&mdash; Zona Roja Oaxaca (@ZonaRoja_Oaxaca) <a href=\"https:\/\/twitter.com\/ZonaRoja_Oaxaca\/status\/1630614518798884864?ref_src=twsrc%5Etfw\">28 de febrero de 2023<\/a><\/blockquote><\/div>\n<\/div><\/figure>\n\n\n\n<p>SE SUMA EL MAGISTERIO<\/p>\n\n\n\n<p>Desde temprana hora, integrantes de la Secci\u00f3n 22 del SNTE iniciaron movilizaciones en la capital del estado, las cuales fueron secundadas por un grupo de normalistas que intent\u00f3 llevar a cabo retenci\u00f3n de unidades, pero que fue impedida por los mismos usuarios.<\/p>\n\n\n\n<p>Sin causar mayores afectaciones, primero hicieron presencia en las oficinas de Educaci\u00f3n F\u00edsica, en la avenida Pino Su\u00e1rez, como parte de la cobertura a reuniones. M\u00e1s tarde se movilizaron a la avenida San Felipe, donde cerraron el paso.<\/p>\n\n\n\n<p>Por la tarde, los estudiantes volvieron a organizarse para ir en apoyo a los docentes y reforzar la manifestaci\u00f3n que sosten\u00edan al norte de la ciudad.<\/p>\n\n\n\n<p>M\u00c1S PROTESTAS<\/p>\n\n\n\n<p>Por en\u00e9sima ocasi\u00f3n, ex trabajadores del Museo de Arte Contempor\u00e1neo de Oaxaca se volvieron a manifestar al exterior del recinto de artes para exigir a la asociaci\u00f3n Amigos del Maco el adeudo que mantiene con ellos al ser despedidos desde hace dos a\u00f1os con salarios ca\u00eddos y sin liquidaci\u00f3n.<\/p>\n\n\n\n<p>En tanto que comerciantes provenientes del municipio de Miahuatl\u00e1n de Porfirio D\u00edaz se manifestaron en la sede de la Defensor\u00eda de los Derechos Humanos del Pueblo para denunciar los abusos cometidos de parte del edil Jos\u00e9 Alberto Mart\u00ednez.<\/p>\n\n\n\n<p>Se\u00f1alaron que fueron v\u00edctimas de un desalojo violento en julio de 2022, y no se ha reparado el da\u00f1o, as\u00ed como que el presidente sigue cometiendo actos en contra de su gremio, como volvi\u00f3 a ocurrir la madrugada de este martes.<\/p>\n\n\n\n<p>Las pertenencias y mercanc\u00eda de los vendedores en v\u00eda p\u00fablica fueron robadas de las calles donde mantienen-con permisos- sus puestos, por lo que piden que se sancione a la autoridad municipal.<\/p>\n\n\n\n<p>MIXTECA<\/p>\n\n\n\n<p>El Frente Popular Revolucionario (FPR) realiz\u00f3 una movilizaci\u00f3n en el municipio de Nochixtl\u00e1n, en exigencia al cumplimiento de sus demandas de car\u00e1cter social, de transportes, comercio y para beneficio de colonias, barrios y agencias afiliadas a su organizaci\u00f3n.<\/p>\n\n\n\n<p>De obtener respuestas favorables en esta primera etapa, escalar\u00e1n a una protesta estatal.<\/p>\n\n\n\n<figure class=\"wp-block-embed is-type-rich is-provider-twitter wp-block-embed-twitter\"><div class=\"wp-block-embed__wrapper\">\n<div class=\"twitter-tweet\"><blockquote class=\"twitter-tweet\" data-lang=\"es\"><p lang=\"es\" dir=\"ltr\"><a href=\"https:\/\/twitter.com\/hashtag\/%C3%9AltimoMinuto?src=hash&amp;ref_src=twsrc%5Etfw\">#\u00daltimoMinuto<\/a><br>Normalistas retiraron esta tarde su bloqueo a la avenida San Felipe, al norte de la ciudad de <a href=\"https:\/\/twitter.com\/hashtag\/Oaxaca?src=hash&amp;ref_src=twsrc%5Etfw\">#Oaxaca<\/a>.<br>Pero esta noche iniciaron un bloqueo en la zona oriente, en la calle Divisi\u00f3n Oriente como en la calzada Madero, inmediaciones del llamado hotel del magisterio. <a href=\"https:\/\/t.co\/nYTK7yHszo\">pic.twitter.com\/nYTK7yHszo<\/a><\/p>&mdash; Zona Roja Oaxaca (@ZonaRoja_Oaxaca) <a href=\"https:\/\/twitter.com\/ZonaRoja_Oaxaca\/status\/1630759880750510081?ref_src=twsrc%5Etfw\">1 de marzo de 2023<\/a><\/blockquote><\/div>\n<\/div><\/figure>\n","protected":false},"excerpt":{"rendered":"<p>Yuridiana Sosa\/Zona Roja. Oaxaca de Ju\u00e1rez, Oax., a 28 de febrero de 2023.- &nbsp;Los bloqueos,&hellip;<\/p>\n","protected":false},"author":2,"featured_media":52222,"comment_status":"closed","ping_status":"open","sticky":false,"template":"","format":"standard","meta":{"_lmt_disableupdate":"","_lmt_disable":"","_jetpack_memberships_contains_paid_content":false,"footnotes":""},"categories":[109,47],"tags":[2264],"class_list":["post-52221","post","type-post","status-publish","format-standard","has-post-thumbnail","hentry","category-minuto-a-minuto","category-zona-gris","tag-bloqueos-y-protestas-oaxaca"],"jetpack_featured_media_url":"https:\/\/zonaroja.com.mx\/wp-content\/uploads\/2023\/02\/Bloqueos-y-protestas-Oaxaca.jpg","jetpack_sharing_enabled":true,"_links":{"self":[{"href":"https:\/\/zonaroja.com.mx\/index.php?rest_route=\/wp\/v2\/posts\/52221","targetHints":{"allow":["GET"]}}],"collection":[{"href":"https:\/\/zonaroja.com.mx\/index.php?rest_route=\/wp\/v2\/posts"}],"about":[{"href":"https:\/\/zonaroja.com.mx\/index.php?rest_route=\/wp\/v2\/types\/post"}],"author":[{"embeddable":true,"href":"https:\/\/zonaroja.com.mx\/index.php?rest_route=\/wp\/v2\/users\/2"}],"replies":[{"embeddable":true,"href":"https:\/\/zonaroja.com.mx\/index.php?rest_route=%2Fwp%2Fv2%2Fcomments&post=52221"}],"version-history":[{"count":1,"href":"https:\/\/zonaroja.com.mx\/index.php?rest_route=\/wp\/v2\/posts\/52221\/revisions"}],"predecessor-version":[{"id":52223,"href":"https:\/\/zonaroja.com.mx\/index.php?rest_route=\/wp\/v2\/posts\/52221\/revisions\/52223"}],"wp:featuredmedia":[{"embeddable":true,"href":"https:\/\/zonaroja.com.mx\/index.php?rest_route=\/wp\/v2\/media\/52222"}],"wp:attachment":[{"href":"https:\/\/zonaroja.com.mx\/index.php?rest_route=%2Fwp%2Fv2%2Fmedia&parent=52221"}],"wp:term":[{"taxonomy":"category","embeddable":true,"href":"https:\/\/zonaroja.com.mx\/index.php?rest_route=%2Fwp%2Fv2%2Fcategories&post=52221"},{"taxonomy":"post_tag","embeddable":true,"href":"https:\/\/zonaroja.com.mx\/index.php?rest_route=%2Fwp%2Fv2%2Ftags&post=52221"}],"curies":[{"name":"wp","href":"https:\/\/api.w.org\/{rel}","templated":true}]}}