{"id":52224,"date":"2023-02-28T22:10:13","date_gmt":"2023-03-01T04:10:13","guid":{"rendered":"http:\/\/www.zonaroja.com.mx\/?p=52224"},"modified":"2023-02-28T22:10:16","modified_gmt":"2023-03-01T04:10:16","slug":"opinion-mexico-seis-notas-historicas","status":"publish","type":"post","link":"https:\/\/zonaroja.com.mx\/?p=52224","title":{"rendered":"Opini\u00f3n. M\u00e9xico: seis notas hist\u00f3ricas"},"content":{"rendered":"\n<p>N\u00e9stor Y. S\u00e1nchez Islas<\/p>\n\n\n\n<p>Gracias a la generosidad de Miguel Herrera&nbsp;L\u00f3pez, autor&nbsp;de la columna \u201cHoja por&nbsp;hoja\u201d firmada&nbsp;con su seud\u00f3nimo \u201cMario de Valdivia\u201d, tengo en mis manos, calientito, reci\u00e9n salido de prensas, su libro \u201cM\u00e9xico: seis notas hist\u00f3ricas\u201d, lo que \u00e9l considera una compilaci\u00f3n de ensayos, vivencias y colaboraciones pero que m\u00e1s bien es todo un legado para los futuros constructores de nuestra querida Oaxaca.<\/p>\n\n\n\n<p>Divide su libro en seis apartados. Son&nbsp;m\u00e1s que simples cap\u00edtulos porque pueden leerse en el orden que&nbsp;el&nbsp;lector desee sin afectar su estructura o comprensi\u00f3n.&nbsp;Los&nbsp;presenta as\u00ed: Virreinato de la Nueva Espa\u00f1a, Jos\u00e9 Vasconcelos, Oaxaca su tierra, Porfirio D\u00edaz, Benito Ju\u00e1rez y Tlatelolco 1968, editado por Carteles Editores.<\/p>\n\n\n\n<p>Dos temas me llamaron de inmediato: el 68 y Jos\u00e9 Vasconcelos.<\/p>\n\n\n\n<p>Fue lo sucedido en M\u00e9xico 68 lo primero que le\u00ed. \u00c9l estuvo ah\u00ed, sinti\u00f3 la misma emoci\u00f3n y el miedo de aquellos j\u00f3venes que fueron masacrados por el r\u00e9gimen.&nbsp;Del 2 de octubre nos cuenta:&nbsp;\u201cEsa tarde, como muchas otras, acudimos, dirigentes, brigadistas, manifestantes y simpatizantes a escuchar y adherirnos a la Tregua. Ese d\u00eda, desde temprano, tropas del ej\u00e9rcito mexicano y paracaidistas se hab\u00edan apostado no para salvar al pa\u00eds ni para salvaguardar las instituciones, sino para tender un cerco infranqueable a la indefensa multitud\u201d. Y se pregunta m\u00e1s adelante:&nbsp;\u201c\u00bfEra l\u00f3gico que el ej\u00e9rcito estuviera ah\u00ed?\u201d.&nbsp;(pp. 259 y 260).&nbsp;El r\u00e9gimen&nbsp;nunca&nbsp;respondi\u00f3, al contrario, lanz\u00f3&nbsp;el poder del Estado&nbsp;contra lo que qued\u00f3 de aquel movimiento.<\/p>\n\n\n\n<p>Jos\u00e9 Vasconcelos ocupa&nbsp;una gran extensi\u00f3n&nbsp;de su obra, lo que dice mucho del&nbsp;propio&nbsp;autor.&nbsp;No lo oculta, lo considera el pensador m\u00e1s portentoso que ha dado M\u00e9xico y, adem\u00e1s,&nbsp;oaxaque\u00f1o. De alguna forma u otra algo sabemos&nbsp;casi todos&nbsp;de Vasconcelos y de su obra, lo interesante son las posturas personales de Herrera L\u00f3pez ante el fil\u00f3sofo.<\/p>\n\n\n\n<p>En la p\u00e1gina 96 nos dice \u201cVienen a cuento porque los tiempos presentes se est\u00e1n caracterizando por brotes de desuni\u00f3n, de p\u00e9rdida de identidad y de regreso al oscurantismo a la arena del poder\u201d.&nbsp;Sus palabras, escritas en 1994, denotan sus preocupaciones&nbsp;y&nbsp;sus temores&nbsp;a lo largo de&nbsp;sus textos, ensayos y colaboraciones. Le preocupa el futuro de M\u00e9xico, de Oaxaca en particular, la falta de unidad, la p\u00e9rdida de la identidad y, sobre todo, el regreso a un oscurantismo que a nadie har\u00eda bien. Tal vez no por las mismas causas ni por los mismos protagonistas, pero M\u00e9xico vive hoy un peligroso momento de retroceso en todas los&nbsp;frentes&nbsp;de&nbsp;la&nbsp;vida pol\u00edtica, social y econ\u00f3mica.<\/p>\n\n\n\n<p>Abord\u00f3 a Vasconcelos, a Porfirio D\u00edaz o Benito Ju\u00e1rez en diferentes colaboraciones, m\u00e1s pienso yo que no solo se trat\u00f3 de estudiar a los pr\u00f3ceres sino fue un medio para expresar su eterno amor por su tierra, su orgullo por la Verde Antequera. Siguiendo su ejemplo, \u00e9l tambi\u00e9n quiere&nbsp;aportar&nbsp;al&nbsp;destino de la patria y&nbsp;nos obsequia&nbsp;su obra.<\/p>\n\n\n\n<p>Influido&nbsp;tal vez por la visi\u00f3n&nbsp;vasconceliana&nbsp;respecto de Hern\u00e1n Cort\u00e9s&nbsp;que le otorg\u00f3 un papel heroico en lugar de la basura en que trata de convertirlo la&nbsp;actual&nbsp;historia&nbsp;de cobre,&nbsp;aborda&nbsp;valientemente&nbsp;el an\u00e1lisis&nbsp;de actuaciones y personalidades como&nbsp;\u00e9l&nbsp;ante quienes hoy lo consideran no solo incorrecto pol\u00edticamente sino como un&nbsp;genocida. En la p\u00e1gina 124 rechaza el adjetivo de \u201cb\u00e1rbara\u201d a la colonizaci\u00f3n espa\u00f1ola, y&nbsp;en la p\u00e1gina 127 hace una abierta defensa&nbsp;de nuestra lengua y escritura \u201cen espa\u00f1ol\u201d, postura que&nbsp;hoy debemos enfrentar ante la agresiva&nbsp;oposici\u00f3n de quienes se asumen inclusivos y&nbsp;deformadores del lenguaje.<\/p>\n\n\n\n<p>De la Guelaguetza escribi\u00f3 (p. 137)&nbsp;\u201cYa viene otra vez el Lunes del Cerro, justo es reconocer a sus inspiradores y creadore.&nbsp;Es falso que deviene de antes de la Conquista: no hay evidencias.\u201d&nbsp;Postura desafiante ante el paternalismo oficial actual.&nbsp;Sobre los hermanos Flores Mag\u00f3n&nbsp;afirma que queremos, los oaxaque\u00f1os,&nbsp;apropiarnos de ellos, m\u00e1s bien de Ricardo, pero afirma \u201cque no es un producto&nbsp;ideol\u00f3gico o pol\u00edtico de Oaxaca\u201d.&nbsp;Y&nbsp;Agrega: \u201cNo se hizo pensador aqu\u00ed\u201d. (p.58)&nbsp;Y&nbsp;aporta pruebas:&nbsp;el anarquista solo estuvo en Oaxaca hasta su primera infancia&nbsp;y se hizo&nbsp;agitador&nbsp;en la adultez&nbsp;despu\u00e9s de leer \u201cLa conquista del pan\u201d, del pr\u00edncipe&nbsp;Piotr&nbsp;Kropotkin&nbsp;(p. 59).<\/p>\n\n\n\n<p>Herrera&nbsp;es un historiador no solo por la academia que le otorg\u00f3 el grado, sino porque lo demuestra con el an\u00e1lisis de contextos y la elaboraci\u00f3n de interpretaciones muy interesantes. Mucha gente narra hechos del pasado y se asume historiador. No es as\u00ed, el creador de la historiograf\u00eda es como Miguel Herrera, un conocedor de contextos, simbolismos, investigaciones; es anal\u00edtico e int\u00e9rprete para los dem\u00e1s. Asume una postura cient\u00edfica para escribir, como se hace en la historiograf\u00eda. Se basa en fuentes documentales, cuantitativas y cualitativas.<\/p>\n\n\n\n<p>Esta&nbsp;compilaci\u00f3n le otorga uno&nbsp;obligado sentido&nbsp;a sus temas, ensayos&nbsp;y colaboraciones,&nbsp;mostrando&nbsp;la congruencia de su pensamiento&nbsp;a lo largo de los a\u00f1os. Los invito a leer este valioso legado.<\/p>\n\n\n\n<p>nestoryuri@yahoo.com<\/p>\n","protected":false},"excerpt":{"rendered":"<p>N\u00e9stor Y. S\u00e1nchez Islas Gracias a la generosidad de Miguel Herrera&nbsp;L\u00f3pez, autor&nbsp;de la columna \u201cHoja&hellip;<\/p>\n","protected":false},"author":2,"featured_media":41861,"comment_status":"closed","ping_status":"open","sticky":false,"template":"","format":"standard","meta":{"_lmt_disableupdate":"","_lmt_disable":"","_jetpack_memberships_contains_paid_content":false,"footnotes":""},"categories":[456,109],"tags":[3050],"class_list":["post-52224","post","type-post","status-publish","format-standard","has-post-thumbnail","hentry","category-columna","category-minuto-a-minuto","tag-nestor-yuri-sanchez"],"jetpack_featured_media_url":"https:\/\/zonaroja.com.mx\/wp-content\/uploads\/2022\/05\/Opinion-Nestor-Yuri-Sanchez-Islas.jpg","jetpack_sharing_enabled":true,"_links":{"self":[{"href":"https:\/\/zonaroja.com.mx\/index.php?rest_route=\/wp\/v2\/posts\/52224","targetHints":{"allow":["GET"]}}],"collection":[{"href":"https:\/\/zonaroja.com.mx\/index.php?rest_route=\/wp\/v2\/posts"}],"about":[{"href":"https:\/\/zonaroja.com.mx\/index.php?rest_route=\/wp\/v2\/types\/post"}],"author":[{"embeddable":true,"href":"https:\/\/zonaroja.com.mx\/index.php?rest_route=\/wp\/v2\/users\/2"}],"replies":[{"embeddable":true,"href":"https:\/\/zonaroja.com.mx\/index.php?rest_route=%2Fwp%2Fv2%2Fcomments&post=52224"}],"version-history":[{"count":1,"href":"https:\/\/zonaroja.com.mx\/index.php?rest_route=\/wp\/v2\/posts\/52224\/revisions"}],"predecessor-version":[{"id":52225,"href":"https:\/\/zonaroja.com.mx\/index.php?rest_route=\/wp\/v2\/posts\/52224\/revisions\/52225"}],"wp:featuredmedia":[{"embeddable":true,"href":"https:\/\/zonaroja.com.mx\/index.php?rest_route=\/wp\/v2\/media\/41861"}],"wp:attachment":[{"href":"https:\/\/zonaroja.com.mx\/index.php?rest_route=%2Fwp%2Fv2%2Fmedia&parent=52224"}],"wp:term":[{"taxonomy":"category","embeddable":true,"href":"https:\/\/zonaroja.com.mx\/index.php?rest_route=%2Fwp%2Fv2%2Fcategories&post=52224"},{"taxonomy":"post_tag","embeddable":true,"href":"https:\/\/zonaroja.com.mx\/index.php?rest_route=%2Fwp%2Fv2%2Ftags&post=52224"}],"curies":[{"name":"wp","href":"https:\/\/api.w.org\/{rel}","templated":true}]}}