{"id":52226,"date":"2023-03-01T11:12:00","date_gmt":"2023-03-01T17:12:00","guid":{"rendered":"http:\/\/www.zonaroja.com.mx\/?p=52226"},"modified":"2023-03-01T06:43:02","modified_gmt":"2023-03-01T12:43:02","slug":"choque-de-trenes-en-grecia-deja-al-menos-29-muertos-y-85-heridos","status":"publish","type":"post","link":"https:\/\/zonaroja.com.mx\/?p=52226","title":{"rendered":"Choque de trenes en Grecia deja al menos 29 muertos y 85 heridos"},"content":{"rendered":"\n<p>Redacci\u00f3n\/Zona Roja Cdmx.<\/p>\n\n\n\n<p>Ciudad de M\u00e9xico, a 1 de marzo de 2023.- Al menos 26 personas murieron y unas 85 resultaron heridas tras tras la colisi\u00f3n de dos trenes, uno de mercanc\u00edas y otro de pasajeros entre Atenas y Tesal\u00f3nica, Grecia, se\u00f1al\u00f3 la cadena televisiva p\u00fablica ERT.<\/p>\n\n\n\n<p>Seg\u00fan las primeras informaciones, tres vagones descarrilaron anoche a la altura de L\u00e1risa, en el centro del pa\u00eds, tras la colisi\u00f3n de los dos trenes.<\/p>\n\n\n\n<p>Uno de los vagones se incendi\u00f3 y varias personas quedaron atrapadas, indic\u00f3 Ert.<\/p>\n\n\n\n<p>Las autoridades desplegaron una enorme operaci\u00f3n de rescate con efectivos policiales, 40 bomberos y unas 30 ambulancias trasladados al lugar para socorrer a las decenas de heridos, seg\u00fan el medio local Onlarissa.<\/p>\n\n\n\n<p>Seg\u00fan la agencia de prensa Ana, el fuego qued\u00f3 controlado por los bomberos que estiman que, adem\u00e1s de \u201cdecenas de heridos, varias personas fueron encontradas inconscientes y muertas\u201d.<\/p>\n\n\n\n<p>Varios medios griegos se refieren a al menos 26 fallecidos y unos 85 heridos en el accidente, cuya operaci\u00f3n de rescate todav\u00eda estaba en marcha al cierre de esta edici\u00f3n.<\/p>\n\n\n\n<p>Lazos, un pasajero interrogado por el peri\u00f3dico Protothema, declar\u00f3: \u201cHemos vivido algo muy impactante. No estoy herido, pero estoy manchado de sangre de otras personas que estaban heridas a mi lado\u201d.<\/p>\n\n\n\n<p>Los dos hospitales de la regi\u00f3n de L\u00e1risa fueron requeridos para acoger a los numerosos heridos, seg\u00fan Onlarissa.<\/p>\n\n\n\n<p>(Informaci\u00f3n de Afp y Europa Press en \u201cLa Jornada\u201d)<\/p>\n","protected":false},"excerpt":{"rendered":"<p>Redacci\u00f3n\/Zona Roja Cdmx. Ciudad de M\u00e9xico, a 1 de marzo de 2023.- Al menos 26&hellip;<\/p>\n","protected":false},"author":2,"featured_media":52227,"comment_status":"closed","ping_status":"open","sticky":false,"template":"","format":"standard","meta":{"_lmt_disableupdate":"","_lmt_disable":"","_jetpack_memberships_contains_paid_content":false,"footnotes":""},"categories":[109,51],"tags":[3447],"class_list":["post-52226","post","type-post","status-publish","format-standard","has-post-thumbnail","hentry","category-minuto-a-minuto","category-zona-roja","tag-grecia"],"jetpack_featured_media_url":"https:\/\/zonaroja.com.mx\/wp-content\/uploads\/2023\/03\/Choque-de-trenes-Grecia.webp","jetpack_sharing_enabled":true,"_links":{"self":[{"href":"https:\/\/zonaroja.com.mx\/index.php?rest_route=\/wp\/v2\/posts\/52226","targetHints":{"allow":["GET"]}}],"collection":[{"href":"https:\/\/zonaroja.com.mx\/index.php?rest_route=\/wp\/v2\/posts"}],"about":[{"href":"https:\/\/zonaroja.com.mx\/index.php?rest_route=\/wp\/v2\/types\/post"}],"author":[{"embeddable":true,"href":"https:\/\/zonaroja.com.mx\/index.php?rest_route=\/wp\/v2\/users\/2"}],"replies":[{"embeddable":true,"href":"https:\/\/zonaroja.com.mx\/index.php?rest_route=%2Fwp%2Fv2%2Fcomments&post=52226"}],"version-history":[{"count":1,"href":"https:\/\/zonaroja.com.mx\/index.php?rest_route=\/wp\/v2\/posts\/52226\/revisions"}],"predecessor-version":[{"id":52228,"href":"https:\/\/zonaroja.com.mx\/index.php?rest_route=\/wp\/v2\/posts\/52226\/revisions\/52228"}],"wp:featuredmedia":[{"embeddable":true,"href":"https:\/\/zonaroja.com.mx\/index.php?rest_route=\/wp\/v2\/media\/52227"}],"wp:attachment":[{"href":"https:\/\/zonaroja.com.mx\/index.php?rest_route=%2Fwp%2Fv2%2Fmedia&parent=52226"}],"wp:term":[{"taxonomy":"category","embeddable":true,"href":"https:\/\/zonaroja.com.mx\/index.php?rest_route=%2Fwp%2Fv2%2Fcategories&post=52226"},{"taxonomy":"post_tag","embeddable":true,"href":"https:\/\/zonaroja.com.mx\/index.php?rest_route=%2Fwp%2Fv2%2Ftags&post=52226"}],"curies":[{"name":"wp","href":"https:\/\/api.w.org\/{rel}","templated":true}]}}