{"id":52232,"date":"2023-03-01T11:51:00","date_gmt":"2023-03-01T17:51:00","guid":{"rendered":"http:\/\/www.zonaroja.com.mx\/?p=52232"},"modified":"2023-03-01T06:54:51","modified_gmt":"2023-03-01T12:54:51","slug":"animo-y-satisfaccion-de-los-mexicanos-crecen-al-inicio-de-2023","status":"publish","type":"post","link":"https:\/\/zonaroja.com.mx\/?p=52232","title":{"rendered":"\u00c1nimo y satisfacci\u00f3n de los mexicanos crecen al inicio de 2023"},"content":{"rendered":"\n<p>Redacci\u00f3n\/Zona Roja Cdmx.<\/p>\n\n\n\n<p>Ciudad de M\u00e9xico, a 1 de marzo de 2023.- El estado de \u00e1nimo y la satisfacci\u00f3n de los mexicanos con la vida crecieron al inicio de 2023 en comparaci\u00f3n con un a\u00f1o antes, inform\u00f3 el Instituto Nacional de Estad\u00edstica y Geograf\u00eda (Inegi) con base en los indicadores de bienestar autorreportado.<\/p>\n\n\n\n<p>El balance an\u00edmico de la poblaci\u00f3n ascendi\u00f3 en enero pasado a un promedio de 6.5 en una escala del 1 a 10, por encima del 6.2 de un a\u00f1o antes, indic\u00f3 el Inegi en su reporte.<\/p>\n\n\n\n<p>Este es el mejor \u00e1nimo desde el 6.5 de enero de 2020, meses antes de la llegada de la pandemia de Covid-19 al pa\u00eds.<\/p>\n\n\n\n<p>El instituto report\u00f3 una brecha de g\u00e9nero en el \u00e1nimo, con un 6.8 promedio en los hombres y un 6.2 en las mujeres.<\/p>\n\n\n\n<p>Este indicador se construye al pedirle al entrevistado que determine, en una escala de 0 a 10, qu\u00e9 tanto predominaron, a lo largo del d\u00eda anterior, una serie de estados de \u00e1nimo, tanto positivos como negativos, como su humor, vitalidad, estr\u00e9s, tranquilidad y emoci\u00f3n.<\/p>\n\n\n\n<p>Por otro lado, la poblaci\u00f3n mexicana calific\u00f3 con un promedio de 8.4 su satisfacci\u00f3n con la vida en general, mismo dato que en el primer mes de 2022.<\/p>\n\n\n\n<p>En este indicador la media fue de 8.5 en hombres y de 8.3 en mujeres.<\/p>\n\n\n\n<p>Los rubros en los que la ciudadan\u00eda report\u00f3 mayor satisfacci\u00f3n fueron sus relaciones personales (8.8), la vivienda (8.7), su actividad u ocupaci\u00f3n (8.7), logros en la vida (8.5), estado de salud (8.5) y perspectivas a futuro (8.5).<\/p>\n\n\n\n<p>En cambio, los aspectos en los que hubo menor satisfacci\u00f3n fueron en la seguridad ciudadana (5.4), la situaci\u00f3n del pa\u00eds (7.1) y su ciudad (7.5).<\/p>\n\n\n\n<p>Por \u00faltimo, el Inegi midi\u00f3 aspectos de la eudemon\u00eda, que se refiere al bienestar espiritual.<\/p>\n\n\n\n<p>De los nueve enunciados de valencia positiva, la poblaci\u00f3n adulta se identific\u00f3 m\u00e1s con \u201csoy una persona afortunada\u201d, cuyo promedio fue 9.2.<\/p>\n\n\n\n<p>El \u00fanico enunciado con m\u00e1s valoraciones negativas, \u201ccuando algo me hace sentir mal me cuesta volver a la normalidad\u201d, tuvo un promedio de identificaci\u00f3n de 4.3, una d\u00e9cima m\u00e1s respecto al a\u00f1o anterior.<\/p>\n\n\n\n<p>El Inegi expuso que el objetivo de esta medici\u00f3n \u201ces complementar las cifras econ\u00f3micas de coyuntura con informaci\u00f3n generada desde el Marco del Bienestar de la Organizaci\u00f3n para la Cooperaci\u00f3n y el Desarrollo Econ\u00f3micos (OCDE), que impuls\u00f3 el debate sobre qu\u00e9 elementos considerar, m\u00e1s all\u00e1 del producto interno bruto (PIB)\u201d.<\/p>\n\n\n\n<p>(Con informaci\u00f3n de EFE, en L\u00f3pez-D\u00f3riga Digital)<\/p>\n","protected":false},"excerpt":{"rendered":"<p>Redacci\u00f3n\/Zona Roja Cdmx. Ciudad de M\u00e9xico, a 1 de marzo de 2023.- El estado de&hellip;<\/p>\n","protected":false},"author":2,"featured_media":52233,"comment_status":"closed","ping_status":"open","sticky":false,"template":"","format":"standard","meta":{"_lmt_disableupdate":"","_lmt_disable":"","_jetpack_memberships_contains_paid_content":false,"footnotes":""},"categories":[109,46],"tags":[],"class_list":["post-52232","post","type-post","status-publish","format-standard","has-post-thumbnail","hentry","category-minuto-a-minuto","category-zona-blanca"],"jetpack_featured_media_url":"https:\/\/zonaroja.com.mx\/wp-content\/uploads\/2023\/03\/Mexicanos-felices-Inegi.jpeg","jetpack_sharing_enabled":true,"_links":{"self":[{"href":"https:\/\/zonaroja.com.mx\/index.php?rest_route=\/wp\/v2\/posts\/52232","targetHints":{"allow":["GET"]}}],"collection":[{"href":"https:\/\/zonaroja.com.mx\/index.php?rest_route=\/wp\/v2\/posts"}],"about":[{"href":"https:\/\/zonaroja.com.mx\/index.php?rest_route=\/wp\/v2\/types\/post"}],"author":[{"embeddable":true,"href":"https:\/\/zonaroja.com.mx\/index.php?rest_route=\/wp\/v2\/users\/2"}],"replies":[{"embeddable":true,"href":"https:\/\/zonaroja.com.mx\/index.php?rest_route=%2Fwp%2Fv2%2Fcomments&post=52232"}],"version-history":[{"count":1,"href":"https:\/\/zonaroja.com.mx\/index.php?rest_route=\/wp\/v2\/posts\/52232\/revisions"}],"predecessor-version":[{"id":52234,"href":"https:\/\/zonaroja.com.mx\/index.php?rest_route=\/wp\/v2\/posts\/52232\/revisions\/52234"}],"wp:featuredmedia":[{"embeddable":true,"href":"https:\/\/zonaroja.com.mx\/index.php?rest_route=\/wp\/v2\/media\/52233"}],"wp:attachment":[{"href":"https:\/\/zonaroja.com.mx\/index.php?rest_route=%2Fwp%2Fv2%2Fmedia&parent=52232"}],"wp:term":[{"taxonomy":"category","embeddable":true,"href":"https:\/\/zonaroja.com.mx\/index.php?rest_route=%2Fwp%2Fv2%2Fcategories&post=52232"},{"taxonomy":"post_tag","embeddable":true,"href":"https:\/\/zonaroja.com.mx\/index.php?rest_route=%2Fwp%2Fv2%2Ftags&post=52232"}],"curies":[{"name":"wp","href":"https:\/\/api.w.org\/{rel}","templated":true}]}}