{"id":52235,"date":"2023-03-01T08:30:00","date_gmt":"2023-03-01T14:30:00","guid":{"rendered":"http:\/\/www.zonaroja.com.mx\/?p=52235"},"modified":"2023-03-01T07:03:31","modified_gmt":"2023-03-01T13:03:31","slug":"confirma-la-sedena-que-ejercito-disparo-y-mato-a-jovenes-en-nuevo-laredo","status":"publish","type":"post","link":"https:\/\/zonaroja.com.mx\/?p=52235","title":{"rendered":"Confirma la Sedena que Ej\u00e9rcito dispar\u00f3 y mat\u00f3 a j\u00f3venes en Nuevo Laredo"},"content":{"rendered":"\n<p>Redacci\u00f3n\/Zona Roja Cdmx.<\/p>\n\n\n\n<p>Ciudad de M\u00e9xico, a 1 de marzo de 2023.- Dos d\u00edas despu\u00e9s de los hechos, la Secretar\u00eda de la Defensa Nacional (Sedena) reconoci\u00f3 que militares dispararon contra siete j\u00f3venes en Nuevo Laredo, Tamaulipas.<\/p>\n\n\n\n<p>Sin embargo, el Ej\u00e9rcito no admiti\u00f3 que se tratara de una ejecuci\u00f3n extrajudicial, como denunciaron familiares y organizaciones en dicho municipio.&nbsp;<\/p>\n\n\n\n<p>A trav\u00e9s de un comunicado, la Sedena inform\u00f3 que los hechos ocurrieron cuando militares realizaban reconocimientos en Nuevo Laredo, cuando oyeron disparos de armas de fuego, lo que provoc\u00f3 que se \u2018pusieran en alerta\u2019 avanzando en direcci\u00f3n hacia donde escucharon las detonaciones.&nbsp;<\/p>\n\n\n\n<p>De acuerdo con el parte militar, en ese momento los militares vieron un veh\u00edculo tipo pick up con siete individuos a bordo, quienes supuestamente se trasladaban a exceso de velocidad con las luces apagadas y sin placas que, \u201cal observar la presencia de las tropas, aceleraron velocidad de manera intempestiva y evasiva, deteniendo su marcha al impactarse despu\u00e9s con un veh\u00edculo que estaba estacionado\u201d.&nbsp;<\/p>\n\n\n\n<p>\u201cDe esta situaci\u00f3n, al escuchar un estruendo, el personal militar accion\u00f3 sus armas de fuego; suceso que actualmente diversas autoridades se encuentran investigando para determinar la veracidad de los hechos\u201d, inform\u00f3.&nbsp;<\/p>\n\n\n\n<p>La Sedena confirm\u00f3 la existencia de cinco personas sin vida y una persona herida, tal y c\u00f3mo lo hab\u00eda informado previamente el Comit\u00e9 de Derechos Humanos de Nuevo Laredo, que denunci\u00f3 tambi\u00e9n \u201cal menos dos j\u00f3venes fueron rematados con disparos en la nuca estando tirados\u201d.&nbsp;<\/p>\n\n\n\n<p>La organizaci\u00f3n sostuvo que los j\u00f3venes asesinados son Gustavo P\u00e9rez Beriles, Wilberto Mata Estrada, Jonathan Aguilar S\u00e1nchez, Gustavo \u00c1ngel Su\u00e1rez Castillo, de origen estadounidense, y Alejandro Trujillo Rocha.<\/p>\n\n\n\n<p>Luego del ataque contra los j\u00f3venes \u2014uno de ellos sali\u00f3 ileso, seg\u00fan la Sedena\u2014, pobladores de Nuevo Laredo se enfrentaron a balazos y pedradas con elementos militares por la presunta ejecuci\u00f3n extrajudicial, pero el Ej\u00e9rcito tambi\u00e9n omiti\u00f3 pronunciarse.&nbsp;<\/p>\n\n\n\n<p>Los vecinos gritaron y confrontaron a los soldados, quienes estaban dando per\u00edmetro a un operativo.<\/p>\n\n\n\n<p>Los soldados contuvieron a los pobladores que&nbsp;arrojaron piedras y soltaron la camioneta&nbsp;donde fueron asesinadas las tres personas.<\/p>\n\n\n\n<p>En estos hechos, un elemento de la Secretar\u00eda de la Defensa Nacional cay\u00f3 y&nbsp;fue atropellado&nbsp;por una unidad militar.<\/p>\n\n\n\n<p>El Ej\u00e9rcito dijo que colabora con la Fiscal\u00eda General de la Rep\u00fablica, la Comisi\u00f3n Nacional de los Derechos Humanos, la Fiscal\u00eda General de Justicia Militar \u2014quienes ya se encuentran investigando ambos sucesos\u2014 y mantiene un \u201cdi\u00e1logo abierto con las familias\u201d de las v\u00edctimas.<\/p>\n\n\n\n<p>La CNDH inici\u00f3 investigaciones por las presuntas ejecuciones extrajudiciales, pero evit\u00f3 condenar los hechos en los que se se\u00f1ala al Ej\u00e9rcito.<\/p>\n\n\n\n<p>Tambi\u00e9n se inici\u00f3 una&nbsp;queja de oficio por el enfrentamiento que se present\u00f3 entre pobladores de la ciudad fronteriza y militares.<\/p>\n\n\n\n<p>(Informaci\u00f3n de \u201cAnimal Pol\u00edtico\u201d)<\/p>\n","protected":false},"excerpt":{"rendered":"<p>Redacci\u00f3n\/Zona Roja Cdmx. Ciudad de M\u00e9xico, a 1 de marzo de 2023.- Dos d\u00edas despu\u00e9s&hellip;<\/p>\n","protected":false},"author":2,"featured_media":52193,"comment_status":"closed","ping_status":"open","sticky":false,"template":"","format":"standard","meta":{"_lmt_disableupdate":"","_lmt_disable":"","_jetpack_memberships_contains_paid_content":false,"footnotes":""},"categories":[109,47],"tags":[2771],"class_list":["post-52235","post","type-post","status-publish","format-standard","has-post-thumbnail","hentry","category-minuto-a-minuto","category-zona-gris","tag-masacre-tamaulipas"],"jetpack_featured_media_url":"https:\/\/zonaroja.com.mx\/wp-content\/uploads\/2023\/02\/Asesinato-jovenes-Tamaulipas.jpeg","jetpack_sharing_enabled":true,"_links":{"self":[{"href":"https:\/\/zonaroja.com.mx\/index.php?rest_route=\/wp\/v2\/posts\/52235","targetHints":{"allow":["GET"]}}],"collection":[{"href":"https:\/\/zonaroja.com.mx\/index.php?rest_route=\/wp\/v2\/posts"}],"about":[{"href":"https:\/\/zonaroja.com.mx\/index.php?rest_route=\/wp\/v2\/types\/post"}],"author":[{"embeddable":true,"href":"https:\/\/zonaroja.com.mx\/index.php?rest_route=\/wp\/v2\/users\/2"}],"replies":[{"embeddable":true,"href":"https:\/\/zonaroja.com.mx\/index.php?rest_route=%2Fwp%2Fv2%2Fcomments&post=52235"}],"version-history":[{"count":1,"href":"https:\/\/zonaroja.com.mx\/index.php?rest_route=\/wp\/v2\/posts\/52235\/revisions"}],"predecessor-version":[{"id":52236,"href":"https:\/\/zonaroja.com.mx\/index.php?rest_route=\/wp\/v2\/posts\/52235\/revisions\/52236"}],"wp:featuredmedia":[{"embeddable":true,"href":"https:\/\/zonaroja.com.mx\/index.php?rest_route=\/wp\/v2\/media\/52193"}],"wp:attachment":[{"href":"https:\/\/zonaroja.com.mx\/index.php?rest_route=%2Fwp%2Fv2%2Fmedia&parent=52235"}],"wp:term":[{"taxonomy":"category","embeddable":true,"href":"https:\/\/zonaroja.com.mx\/index.php?rest_route=%2Fwp%2Fv2%2Fcategories&post=52235"},{"taxonomy":"post_tag","embeddable":true,"href":"https:\/\/zonaroja.com.mx\/index.php?rest_route=%2Fwp%2Fv2%2Ftags&post=52235"}],"curies":[{"name":"wp","href":"https:\/\/api.w.org\/{rel}","templated":true}]}}