{"id":52237,"date":"2023-03-02T07:25:00","date_gmt":"2023-03-02T13:25:00","guid":{"rendered":"http:\/\/www.zonaroja.com.mx\/?p=52237"},"modified":"2023-03-01T22:01:39","modified_gmt":"2023-03-02T04:01:39","slug":"registra-primer-trimestre-de-jara-cruz-16-feminicidios-mas-que-con-murat","status":"publish","type":"post","link":"https:\/\/zonaroja.com.mx\/?p=52237","title":{"rendered":"Registra primer trimestre de Jara Cruz 16 feminicidios m\u00e1s que con Murat"},"content":{"rendered":"\n<p>Redacci\u00f3n\/SemM\u00e9xico<\/p>\n\n\n\n<p>Ciudad de M\u00e9xico, a 2 de marzo de 2023.- Comparados los tres primeros meses del gobierno de Salom\u00f3n Jara Cruz, con el mismo periodo del gobierno estatal anterior, el gobierno actual suma 16 asesinatos violentos m\u00e1s, de acuerdo con datos de Consorcio para el Di\u00e1logo Parlamentario y la Equidad Oaxaca.<\/p>\n\n\n\n<p>Este lunes, dos mujeres m\u00e1s fueron asesinadas y dos m\u00e1s resultaron heridas por disparos de arma de fuego, entre ellas una menor de edad, en menos de 24 horas en distintos puntos de la orograf\u00eda de Oaxaca, con lo que suman 38 asesinatos violentos contra mujeres entre diciembre de 2022 y enero-febrero del 2023, lapso de gobierno de Jara Cruz, con su antecesor, Alejandro Murat, en ese mismo periodo se cometieron 22 asesinatos violentos contra mujeres.<\/p>\n\n\n\n<p>Al respecto, la integrante de la directiva de Consorcio Oaxaca, Y\u00e9sica S\u00e1nchez Maya apunt\u00f3 que sin duda el crecimiento de asesinatos contra mujeres y la violencia feminicida es resultado de la indiferencia, impunidad y corrupci\u00f3n que dej\u00f3 el gobierno anterior de Alejandro Murat y que hasta hoy, Jara Cruz no ha encauzado.<\/p>\n\n\n\n<p>En entrevista para SemM\u00e9xico, expuso que ambas actuaciones, la de Alejandro Murat como la de Salom\u00f3n Jara, cuestan la vida a las mujeres que viven en Oaxaca de manera acelerada.<\/p>\n\n\n\n<p>Record\u00f3 que es tiempo de que tanto la Fiscal\u00eda General del Estado est\u00e9 a la altura de las circunstancias y mejore los mecanismos de atenci\u00f3n y respuesta; al mismo tiempo consider\u00f3 indispensable que las instancias de mujeres brinde respuestas ante la emergencia que hoy se vive en Oaxaca.<\/p>\n\n\n\n<p>\u201cMe refiero a la respuesta certera y eficiente, con una perspectiva feminista y de derechos humanos, que deben brindar todas las instancias municipales, las sindicaturas, la propia Secretar\u00eda de las Mujeres, los centros de justicia para mujeres y las fiscal\u00edas\u201d.<\/p>\n\n\n\n<p>\u201cELEFANTES BLANCOS\u00bb<\/p>\n\n\n\n<p>Es tiempo, agreg\u00f3 S\u00e1nchez Maya, que tanto la Fiscal\u00eda Especializada para la Atenci\u00f3n a Delitos contra la Mujer por Raz\u00f3n de G\u00e9nero, como el Centro de Justicia para Mujeres dejen de ser \u201celefantes blancos, porque hasta hoy carecen de personal suficiente, siguen regresando a las mujeres y es com\u00fan que desestimen la gravedad y el peligro que ellas corren\u201d.<\/p>\n\n\n\n<p>La atenci\u00f3n a la violencia contra las mujeres no debe pasar por \u201cel pago de favores, eso nos est\u00e1 costando la vida de otras mujeres, se requiere que las directivas sean personas con capacidad para atender a las mujeres\u201d, concluy\u00f3.<\/p>\n\n\n\n<p>Los asesinatos violentos contra mujeres<\/p>\n\n\n\n<p>La noche del lunes, una ni\u00f1a de 11 a\u00f1os result\u00f3 herida durante un enfrentamiento a balazos entre presuntos integrantes de una banda y agentes de investigaci\u00f3n (AEI) en las inmediaciones del municipio de Ocotl\u00e1n de Morelos.<\/p>\n\n\n\n<p>Seg\u00fan versiones preliminares la corporaci\u00f3n de la Fiscal\u00eda General de Oaxaca identific\u00f3 a personas que se desplazaban a bordo de un veh\u00edculo, les hizo el alto, en respuesta los ocupantes dispararon y los agentes repelieron la agresi\u00f3n.<\/p>\n\n\n\n<p>Los atacantes escaparon y abandonaron a una mujer y una ni\u00f1a de 11 a\u00f1os de edad, quien result\u00f3 herida por disparos de arma de fuego.<\/p>\n\n\n\n<p>Param\u00e9dicos socorrieron a la menor quien recibe atenci\u00f3n cl\u00ednica en un centro de salud.<\/p>\n\n\n\n<p>En Santa Cruz Tacache de Mina, en la regi\u00f3n Mixteca, una mujer de 25 a\u00f1os de edad fue asesinada presuntamente por su esposo Eduardo M.L, de 37 a\u00f1os.<\/p>\n\n\n\n<p>El homicidio ocurri\u00f3 la tarde del lunes, cuando el sujeto dispar\u00f3 Jenny Flor en presencia de sus hijos de 5 y 7 a\u00f1os de edad.<\/p>\n\n\n\n<p>El presunto responsable se dio a la fuga y los menores quedaron bajo custodia de la autoridad municipal.<\/p>\n\n\n\n<p>OLA DE CR\u00cdMENES<\/p>\n\n\n\n<p>En tanto, en el municipio conurbado de San Agust\u00edn de las Juntas, en la regi\u00f3n de Valles Centrales, la se\u00f1ora G.P.G., de 43 a\u00f1os fue atacada a balazos por su esposo, Fernando N., durante una discusi\u00f3n a la hora del desayuno.<\/p>\n\n\n\n<p>El presunto responsable se dio a la fuga a bordo de una camioneta mientras que la v\u00edctima fue atendida por familiares e ingresada a un hospital.<\/p>\n\n\n\n<p>Al lugar acudieron elementos de la polic\u00eda municipal, estatal y agentes investigadores, quienes tomaron conocimiento del caso y buscan al presunto responsable de los hechos.<\/p>\n\n\n\n<p>En el municipio de Mat\u00edas Romero, en el Istmo, Carmelita M.S., y su pareja, Samuel J., fueron asesinados a balazos al ingresar a su domicilio ambos trabajaron en una caja de ahorro y pr\u00e9stamo.<\/p>\n\n\n\n<p>Al lugar arribaron integrantes de la Marina Armada de M\u00e9xico, que se encuentran comisionados en la polic\u00eda municipal para tomar conocimiento del caso.<\/p>\n\n\n\n<p>SUMAN 38<\/p>\n\n\n\n<p>El GESMujer dio a conocer en su Informe: muertes violentas en Oaxaca que, desde el inicio de la administraci\u00f3n de Salom\u00f3n Jara Cruz, hace tres meses suman 38 asesinatos.<\/p>\n\n\n\n<p>El 1 de diciembre de este a\u00f1o inici\u00f3 la administraci\u00f3n del gobernador Salom\u00f3n Jara Cruz y de acuerdo al Informe: muertes violentas en Oaxaca del GESMujer, difundido hoy, en tres meses suman 38 asesinatos, 34.2 % ocurrieron en diciembre de 2022 y el 65.7 en los dos primeros meses de este 2023.<\/p>\n\n\n\n<p>Por regiones la mayor\u00eda de estos asesinatos violentos han ocurrido en Valles Centrales 39 por ciento; 24 por ciento en el Istmo, y en las regiones del Papaloapan y Costa se reportan 11 por ciento, respectivamente.<\/p>\n\n\n\n<p>Consejo para prevenir la violencia familiar<\/p>\n\n\n\n<p>Los m\u00e1s recientes y lamentables asesinatos contra mujeres, habr\u00edan ocurrido mientras el mandatario oaxaque\u00f1o, acompa\u00f1ado la mitad de su gabinete, as\u00ed como de representantes de los poderes Judicial y Legislativo, instalaban en senda ceremonia el Consejo Estatal para la Asistencia y la Prevenci\u00f3n de la Violencia Familiar en un acto realizado en palacio de gobierno.<\/p>\n\n\n\n<p>Ah\u00ed, Jara Cruz afirm\u00f3 que el compromiso (de gobierno es) \u201ccontra las violencias de g\u00e9nero es absoluto y vamos a priorizar el combate a la violencia familiar y feminicida\u201d.<\/p>\n\n\n\n<p>(Informaci\u00f3n de Patricia Brise\u00f1o y Soledad Jarqu\u00edn)<\/p>\n","protected":false},"excerpt":{"rendered":"<p>Redacci\u00f3n\/SemM\u00e9xico Ciudad de M\u00e9xico, a 2 de marzo de 2023.- Comparados los tres primeros meses&hellip;<\/p>\n","protected":false},"author":2,"featured_media":52240,"comment_status":"closed","ping_status":"open","sticky":false,"template":"","format":"standard","meta":{"_lmt_disableupdate":"","_lmt_disable":"","_jetpack_memberships_contains_paid_content":false,"footnotes":""},"categories":[109,47],"tags":[610],"class_list":["post-52237","post","type-post","status-publish","format-standard","has-post-thumbnail","hentry","category-minuto-a-minuto","category-zona-gris","tag-feminicidios-oaxaca"],"jetpack_featured_media_url":"https:\/\/zonaroja.com.mx\/wp-content\/uploads\/2023\/03\/Violencia-mujeres-feminicidios-Oax.jpg","jetpack_sharing_enabled":true,"_links":{"self":[{"href":"https:\/\/zonaroja.com.mx\/index.php?rest_route=\/wp\/v2\/posts\/52237","targetHints":{"allow":["GET"]}}],"collection":[{"href":"https:\/\/zonaroja.com.mx\/index.php?rest_route=\/wp\/v2\/posts"}],"about":[{"href":"https:\/\/zonaroja.com.mx\/index.php?rest_route=\/wp\/v2\/types\/post"}],"author":[{"embeddable":true,"href":"https:\/\/zonaroja.com.mx\/index.php?rest_route=\/wp\/v2\/users\/2"}],"replies":[{"embeddable":true,"href":"https:\/\/zonaroja.com.mx\/index.php?rest_route=%2Fwp%2Fv2%2Fcomments&post=52237"}],"version-history":[{"count":2,"href":"https:\/\/zonaroja.com.mx\/index.php?rest_route=\/wp\/v2\/posts\/52237\/revisions"}],"predecessor-version":[{"id":52271,"href":"https:\/\/zonaroja.com.mx\/index.php?rest_route=\/wp\/v2\/posts\/52237\/revisions\/52271"}],"wp:featuredmedia":[{"embeddable":true,"href":"https:\/\/zonaroja.com.mx\/index.php?rest_route=\/wp\/v2\/media\/52240"}],"wp:attachment":[{"href":"https:\/\/zonaroja.com.mx\/index.php?rest_route=%2Fwp%2Fv2%2Fmedia&parent=52237"}],"wp:term":[{"taxonomy":"category","embeddable":true,"href":"https:\/\/zonaroja.com.mx\/index.php?rest_route=%2Fwp%2Fv2%2Fcategories&post=52237"},{"taxonomy":"post_tag","embeddable":true,"href":"https:\/\/zonaroja.com.mx\/index.php?rest_route=%2Fwp%2Fv2%2Ftags&post=52237"}],"curies":[{"name":"wp","href":"https:\/\/api.w.org\/{rel}","templated":true}]}}