{"id":5224,"date":"2019-10-28T15:45:57","date_gmt":"2019-10-28T21:45:57","guid":{"rendered":"https:\/\/www.zonaroja.com.mx\/?p=5224"},"modified":"2019-10-28T15:46:01","modified_gmt":"2019-10-28T21:46:01","slug":"sin-tregua-feminicidios-en-oaxaca-matan-a-balazos-mujer-en-tuxtepec","status":"publish","type":"post","link":"https:\/\/zonaroja.com.mx\/?p=5224","title":{"rendered":"Sin tregua feminicidios en Oaxaca; matan a balazos mujer en Tuxtepec\u00a0"},"content":{"rendered":"\n<p>Evlin Arag\u00f3n\/Zona Roja. <br>Oaxaca de Ju\u00e1rez, Oax., 28 de octubre de 2019.- La semana inici\u00f3 en Oaxaca con un en\u00e9simo feminicidio. La ma\u00f1ana de este lunes en el centro de la ciudad de Tuxtepec una mujer fue asesinada a balazos.<\/p>\n\n\n\n<p>El municipio ha sido se\u00f1alado como foco rojo en materia delictiva y cuyo edil Fernando Bautista Davila, se vio envuelto recientemente en la pol\u00e9mica al no impedir que se agrediera a un integrante de los medios de comunicaci\u00f3n. <br><\/p>\n\n\n\n<p>El crimen ocurri\u00f3 la ma\u00f1ana de hoy a las afueras de un establecimiento de venta de tacos, ubicado entre la avenida Libertad y la calles Aldama. <\/p>\n\n\n\n<p>De acuerdo a los testigos, la mujer transitaba por la calle cuando dos hombres accionaron sus armas en contra de ella, dej\u00e1ndola tendida sobre la banqueta para posteriormente darse a la fuga.<br><\/p>\n\n\n\n<p>Al lugar arribaron elementos de seguridad para acordonar el lugar e iniciar las pesquisas correspondientes. La v\u00edctima fue identificada como Cesilia Berenice Madrid Rodr\u00edguez, de nacionalidad hondure\u00f1a.<\/p>\n\n\n\n<p>.AUMENTAN CASOS<\/p>\n\n\n\n<p>De acuerdo con la organizaci\u00f3n Consorcio Oaxaca, se han registrado 363 feminicidios en la entidad durante la administraci\u00f3n de la Alejandro Murat Hinojosa, de los cuales 148 han ocurrido desde la declaraci\u00f3n de la Alerta de G\u00e9nero en 40 municipios, dentro de ellos San Juan Bautista Tuxtepec. <\/p>\n\n\n\n<p><br>\u201cEl Gobierno del Estado de Oaxaca debe generar acciones contundentes pues a casi tres a\u00f1os de la actual administraci\u00f3n, no han podido generar acciones que garanticen la vida y seguridad de las mujeres en las diferentes regiones del estado\u201d, manifest\u00f3 a trav\u00e9s de sus redes sociales.<br><\/p>\n\n\n\n<p><\/p>\n","protected":false},"excerpt":{"rendered":"<p>Evlin Arag\u00f3n\/Zona Roja. Oaxaca de Ju\u00e1rez, Oax., 28 de octubre de 2019.- La semana inici\u00f3&hellip;<\/p>\n","protected":false},"author":2,"featured_media":5223,"comment_status":"closed","ping_status":"open","sticky":false,"template":"","format":"standard","meta":{"_lmt_disableupdate":"","_lmt_disable":"","_jetpack_memberships_contains_paid_content":false,"footnotes":""},"categories":[1],"tags":[],"class_list":["post-5224","post","type-post","status-publish","format-standard","has-post-thumbnail","hentry","category-sin-categoria"],"jetpack_featured_media_url":"https:\/\/zonaroja.com.mx\/wp-content\/uploads\/2019\/10\/c3184d3f-5364-4702-a41e-77ae4c4a9f39.jpg","jetpack_sharing_enabled":true,"_links":{"self":[{"href":"https:\/\/zonaroja.com.mx\/index.php?rest_route=\/wp\/v2\/posts\/5224","targetHints":{"allow":["GET"]}}],"collection":[{"href":"https:\/\/zonaroja.com.mx\/index.php?rest_route=\/wp\/v2\/posts"}],"about":[{"href":"https:\/\/zonaroja.com.mx\/index.php?rest_route=\/wp\/v2\/types\/post"}],"author":[{"embeddable":true,"href":"https:\/\/zonaroja.com.mx\/index.php?rest_route=\/wp\/v2\/users\/2"}],"replies":[{"embeddable":true,"href":"https:\/\/zonaroja.com.mx\/index.php?rest_route=%2Fwp%2Fv2%2Fcomments&post=5224"}],"version-history":[{"count":1,"href":"https:\/\/zonaroja.com.mx\/index.php?rest_route=\/wp\/v2\/posts\/5224\/revisions"}],"predecessor-version":[{"id":5225,"href":"https:\/\/zonaroja.com.mx\/index.php?rest_route=\/wp\/v2\/posts\/5224\/revisions\/5225"}],"wp:featuredmedia":[{"embeddable":true,"href":"https:\/\/zonaroja.com.mx\/index.php?rest_route=\/wp\/v2\/media\/5223"}],"wp:attachment":[{"href":"https:\/\/zonaroja.com.mx\/index.php?rest_route=%2Fwp%2Fv2%2Fmedia&parent=5224"}],"wp:term":[{"taxonomy":"category","embeddable":true,"href":"https:\/\/zonaroja.com.mx\/index.php?rest_route=%2Fwp%2Fv2%2Fcategories&post=5224"},{"taxonomy":"post_tag","embeddable":true,"href":"https:\/\/zonaroja.com.mx\/index.php?rest_route=%2Fwp%2Fv2%2Ftags&post=5224"}],"curies":[{"name":"wp","href":"https:\/\/api.w.org\/{rel}","templated":true}]}}