{"id":52242,"date":"2023-03-01T12:18:00","date_gmt":"2023-03-01T18:18:00","guid":{"rendered":"http:\/\/www.zonaroja.com.mx\/?p=52242"},"modified":"2023-03-01T07:51:59","modified_gmt":"2023-03-01T13:51:59","slug":"promueve-poder-judicial-respeto-a-diversidad-de-los-sistemas-juridicos","status":"publish","type":"post","link":"https:\/\/zonaroja.com.mx\/?p=52242","title":{"rendered":"Promueve Poder Judicial respeto a diversidad de los sistemas jur\u00eddicos"},"content":{"rendered":"\n<p>Redacci\u00f3n\/Zona Roja.<\/p>\n\n\n\n<p>Oaxaca de Ju\u00e1rez, Oax., a 1 de marzo de 2023.- En Oaxaca, el Poder Judicial del Estado&nbsp;ha impulsado la libre determinaci\u00f3n, el autogobierno y la autonom\u00eda de los pueblos y las comunidades ind\u00edgenas, con una mirada plural de la justicia, afirm\u00f3&nbsp;el magistrado presidente&nbsp;Eduardo Pinacho S\u00e1nchez, al inaugurar el Segundo&nbsp;Encuentro del&nbsp;Observatorio Latinoamericano de Sistemas Normativos Ind\u00edgenas.<\/p>\n\n\n\n<p>Ante el director de Educaci\u00f3n y Desarrollo Sostenible de UNESCO para Am\u00e9rica Latina y&nbsp;el Caribe, doctor Javier L\u00f3pez S\u00e1nchez&nbsp;y el presidente del Observatorio, magistrado en retiro Miguel \u00c1ngel Carballido D\u00edaz, se\u00f1al\u00f3 que en nuestra entidad se ha impulsado no solo el reconocimiento, sino una serie de modificaciones normativas, mecanismos y estrategias para armonizar y facilitar la coexistencia de los sistemas normativos estatal, ind\u00edgena y&nbsp;afromexicano&nbsp;en el pa\u00eds.<\/p>\n\n\n\n<p>Consider\u00f3 que pareciera que se ha avanzado mucho en el&nbsp;reconocimiento y&nbsp;ejercicio de los sistemas normativos ind\u00edgenas en el \u00e1mbito electoral, la consulta previa, libre e informada y el pluralismo jur\u00eddico. Sin embargo, su proceso de fortalecimiento se ha visto amenazado ante problemas globales que vuelven a contraponer&nbsp;las visiones&nbsp;de gobernanza, por lo cual reconoci\u00f3 la trascendencia de este encuentro&nbsp;como un ejercicio para revisar retos y fortalecer acciones a favor de los derechos ind\u00edgenas.&nbsp;<\/p>\n\n\n\n<p>\u201cPara el Poder Judicial, esta mirada plural de&nbsp;la justicia ha sido un tema que nos ha ocupado. Hace siete a\u00f1os se integr\u00f3 la Sala de Justicia Ind\u00edgena \u00fanica en su tipo en el pa\u00eds y en la regi\u00f3n,desde donde se han construido criterios y&nbsp;sentados bases&nbsp;para juicios de derechos ind\u00edgenas\u201d, enfatiz\u00f3 en&nbsp;su intervenci\u00f3n en la ceremonia realizada en la sede de la Benem\u00e9rita Universidad de Oaxaca (BUO).<\/p>\n\n\n\n<p>En su oportunidad,&nbsp;el presidente del ObservatorioLatinoamericano de Sistemas Normativos Ind\u00edgenas, explic\u00f3 que este organismo es&nbsp;una iniciativa de los tribunales electorales de M\u00e9xico&nbsp;como&nbsp;un espacio de discusi\u00f3n e intercambio entre especialistas en pol\u00edtica electoral y derechos ind\u00edgenas&nbsp;de diversas instituciones p\u00fablicas y privadas del pa\u00eds y organizaciones ind\u00edgenas de Bolivia, Ecuador, Brasil y Guatemala, con el auspicio de la Comisi\u00f3n Interamericana de Derechos Humanos (CIDH) y el Tribunal Electoral del Poder Judicial de la Federaci\u00f3n&nbsp;(TEPJF).<\/p>\n","protected":false},"excerpt":{"rendered":"<p>Redacci\u00f3n\/Zona Roja. Oaxaca de Ju\u00e1rez, Oax., a 1 de marzo de 2023.- En Oaxaca, el&hellip;<\/p>\n","protected":false},"author":2,"featured_media":52246,"comment_status":"closed","ping_status":"open","sticky":false,"template":"","format":"standard","meta":{"_lmt_disableupdate":"","_lmt_disable":"","_jetpack_memberships_contains_paid_content":false,"footnotes":""},"categories":[109,46],"tags":[223],"class_list":["post-52242","post","type-post","status-publish","format-standard","has-post-thumbnail","hentry","category-minuto-a-minuto","category-zona-blanca","tag-poder-judicial-de-oaxaca"],"jetpack_featured_media_url":"https:\/\/zonaroja.com.mx\/wp-content\/uploads\/2023\/03\/Segundo-Encuentro-del-Observatorio-Latinoamericano-de-Sistemas-Normativos-Indigenas.jpg","jetpack_sharing_enabled":true,"_links":{"self":[{"href":"https:\/\/zonaroja.com.mx\/index.php?rest_route=\/wp\/v2\/posts\/52242","targetHints":{"allow":["GET"]}}],"collection":[{"href":"https:\/\/zonaroja.com.mx\/index.php?rest_route=\/wp\/v2\/posts"}],"about":[{"href":"https:\/\/zonaroja.com.mx\/index.php?rest_route=\/wp\/v2\/types\/post"}],"author":[{"embeddable":true,"href":"https:\/\/zonaroja.com.mx\/index.php?rest_route=\/wp\/v2\/users\/2"}],"replies":[{"embeddable":true,"href":"https:\/\/zonaroja.com.mx\/index.php?rest_route=%2Fwp%2Fv2%2Fcomments&post=52242"}],"version-history":[{"count":1,"href":"https:\/\/zonaroja.com.mx\/index.php?rest_route=\/wp\/v2\/posts\/52242\/revisions"}],"predecessor-version":[{"id":52247,"href":"https:\/\/zonaroja.com.mx\/index.php?rest_route=\/wp\/v2\/posts\/52242\/revisions\/52247"}],"wp:featuredmedia":[{"embeddable":true,"href":"https:\/\/zonaroja.com.mx\/index.php?rest_route=\/wp\/v2\/media\/52246"}],"wp:attachment":[{"href":"https:\/\/zonaroja.com.mx\/index.php?rest_route=%2Fwp%2Fv2%2Fmedia&parent=52242"}],"wp:term":[{"taxonomy":"category","embeddable":true,"href":"https:\/\/zonaroja.com.mx\/index.php?rest_route=%2Fwp%2Fv2%2Fcategories&post=52242"},{"taxonomy":"post_tag","embeddable":true,"href":"https:\/\/zonaroja.com.mx\/index.php?rest_route=%2Fwp%2Fv2%2Ftags&post=52242"}],"curies":[{"name":"wp","href":"https:\/\/api.w.org\/{rel}","templated":true}]}}