{"id":52248,"date":"2023-03-01T07:59:03","date_gmt":"2023-03-01T13:59:03","guid":{"rendered":"http:\/\/www.zonaroja.com.mx\/?p=52248"},"modified":"2023-03-01T07:59:04","modified_gmt":"2023-03-01T13:59:04","slug":"inician-fiscalia-de-oaxaca-cambios-en-vicefiscalias-regionales","status":"publish","type":"post","link":"https:\/\/zonaroja.com.mx\/?p=52248","title":{"rendered":"Inician Fiscal\u00eda de Oaxaca cambios en vicefiscal\u00edas regionales"},"content":{"rendered":"\n<p>Redacci\u00f3n\/Zona Roja.<\/p>\n\n\n\n<p>Oaxaca de Ju\u00e1rez, Oax., a 1 de marzo de 2023.- El titular de la Fiscal\u00eda General del Estado de Oaxaca (FGEO), Bernardo Rodr\u00edguez Alamilla, inici\u00f3 un proceso de cambio en las vicefiscal\u00edas regionales y otras \u00e1reas de la instituci\u00f3n.<\/p>\n\n\n\n<p>El primer caso ocurri\u00f3 con el nombramiento y toma de protesta de Manuel Alejandro Motta Lara como Vicefiscal de la regi\u00f3n de la Costa.<\/p>\n\n\n\n<p>En un comunicado, detall\u00f3 que, como parte de las acciones de fortalecimiento de la instituci\u00f3n, se inici\u00f3 con un proceso de renovaci\u00f3n del funcionariado que encabeza los trabajos de investigaci\u00f3n y procuraci\u00f3n de justicia en toda la entidad.<\/p>\n\n\n\n<p>Tras se\u00f1alar que, debido a las necesidades propias de la dependencia, el primer cambio se efectu\u00f3 en la Costa, exhort\u00f3 al reci\u00e9n nombrado servidor p\u00fablico a atender con diligencia, prontitud, conocimiento y respeto a los derechos humanos, a las v\u00edctimas, as\u00ed como a procurar justicia con sentido humano.<\/p>\n\n\n\n<p>Por su parte, el Vicefiscal agradeci\u00f3 la confianza y se comprometi\u00f3 a trabajar para alcanzar las metas y objetivos fijados, adem\u00e1s de cumplir a cabalidad con la normatividad vigente.<\/p>\n\n\n\n<p>Manuel Alejandro Motta Lara es licenciado en Derecho por la Universidad An\u00e1huac de Oaxaca, adem\u00e1s de contar con formaci\u00f3n en Materia de Derecho Constitucional y Juicio de Amparo por la Universidad Nacional Aut\u00f3noma de M\u00e9xico (UNAM).<\/p>\n\n\n\n<p>As\u00ed tambi\u00e9n, cuenta con formaci\u00f3n acad\u00e9mica por la Escuela Federal de Formaci\u00f3n Judicial, del Consejo de la Judicatura Federal.<\/p>\n\n\n\n<p>En el \u00e1mbito laboral, el Vicefiscal de la Costa ha laborado como Secretario Proyectista en el D\u00e9cimo Sexto Tribunal Colegiado en Materia de Trabajo en el Primer Circuito; Secretario de Juzgado en el Juzgado Primero de Distrito en Materia de Amparo y Juicios Federales en el Estado de M\u00e9xico.<\/p>\n\n\n\n<p>Adem\u00e1s de haber laborado en el Juzgado Decimosexto de Distrito en el Estado de M\u00e9xico y ser abogado litigante.<\/p>\n","protected":false},"excerpt":{"rendered":"<p>Redacci\u00f3n\/Zona Roja. Oaxaca de Ju\u00e1rez, Oax., a 1 de marzo de 2023.- El titular de&hellip;<\/p>\n","protected":false},"author":2,"featured_media":52250,"comment_status":"closed","ping_status":"open","sticky":false,"template":"","format":"standard","meta":{"_lmt_disableupdate":"","_lmt_disable":"","_jetpack_memberships_contains_paid_content":false,"footnotes":""},"categories":[109,46],"tags":[1262,494],"class_list":["post-52248","post","type-post","status-publish","format-standard","has-post-thumbnail","hentry","category-minuto-a-minuto","category-zona-blanca","tag-bernardo-rodriguez-alamilla","tag-fiscalia-general-del-estado-de-oaxaca"],"jetpack_featured_media_url":"https:\/\/zonaroja.com.mx\/wp-content\/uploads\/2023\/03\/Fiscalia-Bernardo-Rodriguez-Vicefiscalia-Costa.jpeg","jetpack_sharing_enabled":true,"_links":{"self":[{"href":"https:\/\/zonaroja.com.mx\/index.php?rest_route=\/wp\/v2\/posts\/52248","targetHints":{"allow":["GET"]}}],"collection":[{"href":"https:\/\/zonaroja.com.mx\/index.php?rest_route=\/wp\/v2\/posts"}],"about":[{"href":"https:\/\/zonaroja.com.mx\/index.php?rest_route=\/wp\/v2\/types\/post"}],"author":[{"embeddable":true,"href":"https:\/\/zonaroja.com.mx\/index.php?rest_route=\/wp\/v2\/users\/2"}],"replies":[{"embeddable":true,"href":"https:\/\/zonaroja.com.mx\/index.php?rest_route=%2Fwp%2Fv2%2Fcomments&post=52248"}],"version-history":[{"count":1,"href":"https:\/\/zonaroja.com.mx\/index.php?rest_route=\/wp\/v2\/posts\/52248\/revisions"}],"predecessor-version":[{"id":52251,"href":"https:\/\/zonaroja.com.mx\/index.php?rest_route=\/wp\/v2\/posts\/52248\/revisions\/52251"}],"wp:featuredmedia":[{"embeddable":true,"href":"https:\/\/zonaroja.com.mx\/index.php?rest_route=\/wp\/v2\/media\/52250"}],"wp:attachment":[{"href":"https:\/\/zonaroja.com.mx\/index.php?rest_route=%2Fwp%2Fv2%2Fmedia&parent=52248"}],"wp:term":[{"taxonomy":"category","embeddable":true,"href":"https:\/\/zonaroja.com.mx\/index.php?rest_route=%2Fwp%2Fv2%2Fcategories&post=52248"},{"taxonomy":"post_tag","embeddable":true,"href":"https:\/\/zonaroja.com.mx\/index.php?rest_route=%2Fwp%2Fv2%2Ftags&post=52248"}],"curies":[{"name":"wp","href":"https:\/\/api.w.org\/{rel}","templated":true}]}}