{"id":52252,"date":"2023-03-01T14:02:00","date_gmt":"2023-03-01T20:02:00","guid":{"rendered":"http:\/\/www.zonaroja.com.mx\/?p=52252"},"modified":"2023-03-01T08:08:13","modified_gmt":"2023-03-01T14:08:13","slug":"la-camerata-oaxaca-celebra-quinto-aniversario-con-gala-beethoven","status":"publish","type":"post","link":"https:\/\/zonaroja.com.mx\/?p=52252","title":{"rendered":"La Camerata Oaxaca celebra quinto aniversario con Gala Beethoven"},"content":{"rendered":"\n<p>Texto y foto: Territorio Score.<\/p>\n\n\n\n<p>Oaxaca de Ju\u00e1rez, Oax., a 1 de marzo de 2023.- La Camerata Oaxaca est\u00e1 de regreso.&nbsp;El pr\u00f3ximo 4 de marzo a las 18:00 horas, la instituci\u00f3n musical volver\u00e1 a los escenarios para celebrar sus primeros cinco a\u00f1os de existencia, y lo har\u00e1 con la Gala Beethoven.<\/p>\n\n\n\n<p>Ser\u00e1 el teatro \u201cMacedonio Alcal\u00e1\u201d el escenario que cobije el recital que incluir\u00e1 la ejecuci\u00f3n del \u201cConcierto para viol\u00edn\u201d a cargo de Adri\u00e1n Justus y la \u201cSinfon\u00eda no. 4 en si bemol\u201d.<\/p>\n\n\n\n<p>Jorge V\u00e1squez, director hu\u00e9sped, destac\u00f3 la complejidad de ambas piezas. De la primera, apunt\u00f3 que el \u201cConcierto para viol\u00edn\u201d \u201ces considerado el rey de los conciertos para ese instrumento, \u201cde gran nivel y con un lenguaje l\u00edrico que llega a ser extremadamente virtuoso\u201d.<\/p>\n\n\n\n<p>De la \u201cSinfon\u00eda n.\u00ba 4 en si bemol\u201d precis\u00f3 que \u201cest\u00e1 llena de virtuosismo para la orquesta y (como la primera) es compleja y fascinante\u201d.<\/p>\n\n\n\n<p>La Camerata Oaxaca comenz\u00f3 su andar de manera oficial en 2018, y desde entonces, el proyecto busca innovar primero en la escena local, para luego hacerlo en espacios nacionales e internacionales.<\/p>\n\n\n\n<p>Y en esa b\u00fasqueda, han realizado colaboraciones con artistas independientes tambi\u00e9n en busca de apoyos, convirtiendo as\u00ed el concierto en un espect\u00e1culo multidisciplinario.<\/p>\n\n\n\n<p>Ejemplo de ello, es la inclusi\u00f3n en su repertorio el pr\u00f3ximo 4 de marzo de \u201cVela istme\u00f1a\u201d, arreglo original de \u00d3scar Rafael Mart\u00ednez Garc\u00eda con coreograf\u00eda a cargo del Ballet Folcl\u00f3rico de Zimatl\u00e1n de \u00c1lvarez.&nbsp;<\/p>\n\n\n\n<p>LA M\u00daSICA EN OAXACA<\/p>\n\n\n\n<p>Acerca del status de la m\u00fasica en Oaxaca, el llamado es el mismo a las autoridades e instancias relacionadas con el sector para apoyar iniciativas como la que ellos representan, a la sociedad para que se vuelva un p\u00fablico exigente, que asista a los conciertos, y a sus colegas para que se sumen a la profesionalizaci\u00f3n del oficio.<\/p>\n\n\n\n<p>En palabras de Jorge V\u00e1squez, la atracci\u00f3n de p\u00fablicos s\u00f3lo puede conseguirse con propuestas como la que ofrece la Camerata Oaxaca, con m\u00fasicos de calidad y un repertorio igual.<\/p>\n\n\n\n<p>\u201cM\u00e1s m\u00fasculo, m\u00e1s ganas y m\u00e1s profesionalismo para nadar contra corriente\u201d, a\u00f1ade.<\/p>\n\n\n\n<p>Aunado al concierto que ofrecer\u00e1n en el teatro Macedonio Alcal\u00e1, la Camerata Oaxaca se presentar\u00e1 el domingo 5 de marzo en la Bas\u00edlica de la Soledad en punto de las 18:00 horas.<\/p>\n","protected":false},"excerpt":{"rendered":"<p>Texto y foto: Territorio Score. Oaxaca de Ju\u00e1rez, Oax., a 1 de marzo de 2023.-&hellip;<\/p>\n","protected":false},"author":2,"featured_media":52249,"comment_status":"closed","ping_status":"open","sticky":false,"template":"","format":"standard","meta":{"_lmt_disableupdate":"","_lmt_disable":"","_jetpack_memberships_contains_paid_content":false,"footnotes":""},"categories":[109,46],"tags":[],"class_list":["post-52252","post","type-post","status-publish","format-standard","has-post-thumbnail","hentry","category-minuto-a-minuto","category-zona-blanca"],"jetpack_featured_media_url":"https:\/\/zonaroja.com.mx\/wp-content\/uploads\/2023\/03\/CamerataOaxaca5.jpg","jetpack_sharing_enabled":true,"_links":{"self":[{"href":"https:\/\/zonaroja.com.mx\/index.php?rest_route=\/wp\/v2\/posts\/52252","targetHints":{"allow":["GET"]}}],"collection":[{"href":"https:\/\/zonaroja.com.mx\/index.php?rest_route=\/wp\/v2\/posts"}],"about":[{"href":"https:\/\/zonaroja.com.mx\/index.php?rest_route=\/wp\/v2\/types\/post"}],"author":[{"embeddable":true,"href":"https:\/\/zonaroja.com.mx\/index.php?rest_route=\/wp\/v2\/users\/2"}],"replies":[{"embeddable":true,"href":"https:\/\/zonaroja.com.mx\/index.php?rest_route=%2Fwp%2Fv2%2Fcomments&post=52252"}],"version-history":[{"count":1,"href":"https:\/\/zonaroja.com.mx\/index.php?rest_route=\/wp\/v2\/posts\/52252\/revisions"}],"predecessor-version":[{"id":52253,"href":"https:\/\/zonaroja.com.mx\/index.php?rest_route=\/wp\/v2\/posts\/52252\/revisions\/52253"}],"wp:featuredmedia":[{"embeddable":true,"href":"https:\/\/zonaroja.com.mx\/index.php?rest_route=\/wp\/v2\/media\/52249"}],"wp:attachment":[{"href":"https:\/\/zonaroja.com.mx\/index.php?rest_route=%2Fwp%2Fv2%2Fmedia&parent=52252"}],"wp:term":[{"taxonomy":"category","embeddable":true,"href":"https:\/\/zonaroja.com.mx\/index.php?rest_route=%2Fwp%2Fv2%2Fcategories&post=52252"},{"taxonomy":"post_tag","embeddable":true,"href":"https:\/\/zonaroja.com.mx\/index.php?rest_route=%2Fwp%2Fv2%2Ftags&post=52252"}],"curies":[{"name":"wp","href":"https:\/\/api.w.org\/{rel}","templated":true}]}}