{"id":52254,"date":"2023-03-01T10:09:00","date_gmt":"2023-03-01T16:09:00","guid":{"rendered":"http:\/\/www.zonaroja.com.mx\/?p=52254"},"modified":"2023-03-01T08:14:59","modified_gmt":"2023-03-01T14:14:59","slug":"jesus-romero-y-la-sego-obstaculo-para-el-dialogo-san-sebastian-nopalera","status":"publish","type":"post","link":"https:\/\/zonaroja.com.mx\/?p=52254","title":{"rendered":"Jes\u00fas Romero y la Sego, obst\u00e1culo para el di\u00e1logo: San Sebasti\u00e1n Nopalera"},"content":{"rendered":"\n<p>Redacci\u00f3n\/Zona Roja.<\/p>\n\n\n\n<p>Oaxaca de Ju\u00e1rez, Oax., a 1 de marzo de 2023.- En carta abierta al Presidente&nbsp;Andr\u00e9s Manuel L\u00f3pez Obrador y al gobernador Salom\u00f3n Jara Cruz,&nbsp;autoridades municipales y agrarias de San Sebasti\u00e1n Nopalera, ejido ubicado en la Mixteca baja, se\u00f1alaron que a un a\u00f1o de haber abierto la brecha que&nbsp;los delimita&nbsp;parcialmente con&nbsp;Zimatl\u00e1n&nbsp;de L\u00e1zaro C\u00e1rdenas, poco ha hecho el Estado mexicano para continuar los di\u00e1logos pues&nbsp;a\u00fan&nbsp;queda una superficie importante por definir entre ambos poblados.&nbsp;<\/p>\n\n\n\n<p>En ese contexto, saludaron el gesto generoso de los pueblos de San Vicente&nbsp;Coatl\u00e1n&nbsp;y la Villa de Sola de Vega que \u201chan priorizado la paz, pero tambi\u00e9n dejan de manifiesto su solidaridad para el desarrollo de nuestro estado de Oaxaca\u201d.<\/p>\n\n\n\n<p>En un comunicado firmado por el agente municipal Juan S\u00e1nchez Bautista y el Comisariado Ejidal Roberto Cruz Bautista, se\u00f1alaron que el Estado mexicano sabe las medidas que dict\u00f3 la Comisi\u00f3n Interamericana de Derechos Humanos (CIDH) que cautelan a&nbsp;Zimatl\u00e1nde L\u00e1zaro C\u00e1rdenas, mecanismo a la que fue incorporado San Sebasti\u00e1n Nopalera en el 175\u00b0 Periodo de Sesiones celebrad en marzo de 2020, en Puerto Pr\u00edncipe, Hait\u00ed.&nbsp;<\/p>\n\n\n\n<p>Precisaron que en San Sebasti\u00e1n Nopalera \u201cha caminado la muerte y hemos aportado nuestra cuota de sangre para que haya paz y&nbsp;ante&nbsp;los 12&nbsp;a\u00f1os de enfrentamientos con m\u00e1s de 30 muertos, una docena de desaparecidos, decenas de causas penales, varias decenas de viudas y hu\u00e9rfanos\u201d.&nbsp;<\/p>\n\n\n\n<p>Expusieron que a ra\u00edz de la insensibilidad de los gobiernos estatal y federal fue como los propios pueblos se sentaron a dialogaron para encontrar el camino de la paz&nbsp;firmando san Sebasti\u00e1n Nopalera y&nbsp;Zimatl\u00e1n&nbsp;de L\u00e1zaro C\u00e1rdenas un acuerdo de paz en la sede de la Secretaria de Gobernaci\u00f3n el 5 de octubre pasado, honrando ambos pueblos hasta la fecha dicho acuerdo.&nbsp;<\/p>\n\n\n\n<p>\u201cNos cost\u00f3 mucho trabajo, pero decidimos enterrar la violencia y nacieran las flores de paz y concordia\u201d se\u00f1alaron y lamentan que en estos esfuerzos comunitarios por una paz definitiva sigan topando con un muro de insensibilidad de funcionarios menores de la Secretar\u00eda de Gobernaci\u00f3n, que baste un ejemplo, el d\u00eda mi\u00e9rcoles 15 de febrero&nbsp;los&nbsp;dejaron plantados en una reuni\u00f3n virtual.&nbsp;&nbsp;<\/p>\n\n\n\n<p>En tanto con el gobierno estatal, \u201chan realizado infinidad de llamadas a la Secretar\u00eda de Gobierno,&nbsp;sin que su titular Jes\u00fas Romero establezca una fecha para el&nbsp;contacto formal con el gobierno que&nbsp;encabeza Salom\u00f3n Jara\u201d.&nbsp;&nbsp;<\/p>\n\n\n\n<p>Convocaron al Presidente Andr\u00e9s Manuel L\u00f3pez Obrador&nbsp;y al gobernador&nbsp;Salom\u00f3n&nbsp;Jara Cruz a caminar juntos en pos de una paz con dignidad y les solicitan &nbsp;\u201cun tiempo de sus agendas y podamos con ustedes cerrar este ciclo que ha sido fuente sangre, luto y dolor\u201d .<\/p>\n","protected":false},"excerpt":{"rendered":"<p>Redacci\u00f3n\/Zona Roja. Oaxaca de Ju\u00e1rez, Oax., a 1 de marzo de 2023.- En carta abierta&hellip;<\/p>\n","protected":false},"author":2,"featured_media":52244,"comment_status":"closed","ping_status":"open","sticky":false,"template":"","format":"standard","meta":{"_lmt_disableupdate":"","_lmt_disable":"","_jetpack_memberships_contains_paid_content":false,"footnotes":""},"categories":[109,46],"tags":[2897],"class_list":["post-52254","post","type-post","status-publish","format-standard","has-post-thumbnail","hentry","category-minuto-a-minuto","category-zona-blanca","tag-san-sebastian-nopalera"],"jetpack_featured_media_url":"https:\/\/zonaroja.com.mx\/wp-content\/uploads\/2023\/03\/San-Sebastian-Nopalera-Oaxaca.jpg","jetpack_sharing_enabled":true,"_links":{"self":[{"href":"https:\/\/zonaroja.com.mx\/index.php?rest_route=\/wp\/v2\/posts\/52254","targetHints":{"allow":["GET"]}}],"collection":[{"href":"https:\/\/zonaroja.com.mx\/index.php?rest_route=\/wp\/v2\/posts"}],"about":[{"href":"https:\/\/zonaroja.com.mx\/index.php?rest_route=\/wp\/v2\/types\/post"}],"author":[{"embeddable":true,"href":"https:\/\/zonaroja.com.mx\/index.php?rest_route=\/wp\/v2\/users\/2"}],"replies":[{"embeddable":true,"href":"https:\/\/zonaroja.com.mx\/index.php?rest_route=%2Fwp%2Fv2%2Fcomments&post=52254"}],"version-history":[{"count":1,"href":"https:\/\/zonaroja.com.mx\/index.php?rest_route=\/wp\/v2\/posts\/52254\/revisions"}],"predecessor-version":[{"id":52255,"href":"https:\/\/zonaroja.com.mx\/index.php?rest_route=\/wp\/v2\/posts\/52254\/revisions\/52255"}],"wp:featuredmedia":[{"embeddable":true,"href":"https:\/\/zonaroja.com.mx\/index.php?rest_route=\/wp\/v2\/media\/52244"}],"wp:attachment":[{"href":"https:\/\/zonaroja.com.mx\/index.php?rest_route=%2Fwp%2Fv2%2Fmedia&parent=52254"}],"wp:term":[{"taxonomy":"category","embeddable":true,"href":"https:\/\/zonaroja.com.mx\/index.php?rest_route=%2Fwp%2Fv2%2Fcategories&post=52254"},{"taxonomy":"post_tag","embeddable":true,"href":"https:\/\/zonaroja.com.mx\/index.php?rest_route=%2Fwp%2Fv2%2Ftags&post=52254"}],"curies":[{"name":"wp","href":"https:\/\/api.w.org\/{rel}","templated":true}]}}