{"id":52256,"date":"2023-03-01T09:15:00","date_gmt":"2023-03-01T15:15:00","guid":{"rendered":"http:\/\/www.zonaroja.com.mx\/?p=52256"},"modified":"2023-03-01T08:27:02","modified_gmt":"2023-03-01T14:27:02","slug":"califica-el-multi-como-uso-excesivo-de-la-fuerza-policiaca-detencion-de-triquis","status":"publish","type":"post","link":"https:\/\/zonaroja.com.mx\/?p=52256","title":{"rendered":"Califica el MULTI como uso excesivo de la fuerza policiaca detenci\u00f3n de triquis"},"content":{"rendered":"\n<p>Ismael Garc\u00eda M.\/Zona Roja.<\/p>\n\n\n\n<p>Oaxaca de Ju\u00e1rez, Oax., a 1 de marzo de 2023.- El Movimiento de Unificaci\u00f3n de Lucha Triqui Independiente (MULTI) reprob\u00f3 el desalojo violento de un grupo de ind\u00edgenas del exterior del Palacio de Gobierno y consider\u00f3 que hubo excesivo uso de la fuerza p\u00fablica.<\/p>\n\n\n\n<p>\u201cContrario a los principios que deben de regir a un gobierno de izquierda, humanista y del pueblo, no privilegi\u00f3 el di\u00e1logo y prefiri\u00f3 actuar a trav\u00e9s de la represi\u00f3n y violencia en contra de las v\u00edctimas\u201d, dijo en un comunicado.<\/p>\n\n\n\n<p>Con referencia a los hechos registrados ayer, en que fueron desalojadas con violencia y detenidos Lorena Merino y otras personas, a\u00f1adi\u00f3 que se manifestaban pac\u00edficamente e instalaron un plant\u00f3n frente al Palacio de Gobierno de Oaxaca, con la finalidad de que sus demandas como v\u00edctimas de desplazamiento forzado fueran resueltas.<\/p>\n\n\n\n<p>\u201cSin embargo, contrario a los discursos, la respuesta a esta manifestaci\u00f3n fue el uso excesivo de la fuerza publica, pues fueron aproximadamente 80 elementos los que actuaron en contra menos de 12 personas, en su mayor\u00eda mujeres y ni\u00f1os.<\/p>\n\n\n\n<p>\u201cEsto atenta contra el derecho universal a la protesta, reconocido en estatutos a nivel internacional y de la cual nuestro pa\u00eds forma parte en distintos convenios, ademas del derecho a la libertad de expresi\u00f3n y reuni\u00f3n pacifica.&nbsp;<\/p>\n\n\n\n<p>\u201cPor si esto fuera poco, se logr\u00f3 ver como la Polic\u00eda Estatal gener\u00f3 actos de humillaci\u00f3n, discriminaci\u00f3n y detenci\u00f3n arbitraria de las familias desplazadas. Es decir, revictimiza a las v\u00edctimas en lugar de brindarles soluciones durareras a su situaci\u00f3n de desplazamiento forzado\u201d.<\/p>\n\n\n\n<p>Agreg\u00f3 que estas acciones son una falta de respeto a la cultura y al pueblo triqui; \u201cindependientemente de su filiaci\u00f3n pol\u00edtica, militancia e ideolog\u00eda, nos solidarizamos con las v\u00edctimas ante esta acci\u00f3n de represi\u00f3n del gobierno estatal.<\/p>\n\n\n\n<p>Exigi\u00f3 al mandatario Salom\u00f3n Jara y al secretario de Gobierno, Jes\u00fas Romero L\u00f3pez, a dejar de reprimir a los pueblos ind\u00edgenas y se priorice el di\u00e1logo para lograr los acuerdos y la paz.<\/p>\n","protected":false},"excerpt":{"rendered":"<p>Ismael Garc\u00eda M.\/Zona Roja. Oaxaca de Ju\u00e1rez, Oax., a 1 de marzo de 2023.- El&hellip;<\/p>\n","protected":false},"author":2,"featured_media":52257,"comment_status":"closed","ping_status":"open","sticky":false,"template":"","format":"standard","meta":{"_lmt_disableupdate":"","_lmt_disable":"","_jetpack_memberships_contains_paid_content":false,"footnotes":""},"categories":[109,47],"tags":[2037],"class_list":["post-52256","post","type-post","status-publish","format-standard","has-post-thumbnail","hentry","category-minuto-a-minuto","category-zona-gris","tag-indigenas-triquis-copala"],"jetpack_featured_media_url":"https:\/\/zonaroja.com.mx\/wp-content\/uploads\/2023\/03\/Desalojo-triquis-Lorena-Merino.jpg","jetpack_sharing_enabled":true,"_links":{"self":[{"href":"https:\/\/zonaroja.com.mx\/index.php?rest_route=\/wp\/v2\/posts\/52256","targetHints":{"allow":["GET"]}}],"collection":[{"href":"https:\/\/zonaroja.com.mx\/index.php?rest_route=\/wp\/v2\/posts"}],"about":[{"href":"https:\/\/zonaroja.com.mx\/index.php?rest_route=\/wp\/v2\/types\/post"}],"author":[{"embeddable":true,"href":"https:\/\/zonaroja.com.mx\/index.php?rest_route=\/wp\/v2\/users\/2"}],"replies":[{"embeddable":true,"href":"https:\/\/zonaroja.com.mx\/index.php?rest_route=%2Fwp%2Fv2%2Fcomments&post=52256"}],"version-history":[{"count":1,"href":"https:\/\/zonaroja.com.mx\/index.php?rest_route=\/wp\/v2\/posts\/52256\/revisions"}],"predecessor-version":[{"id":52258,"href":"https:\/\/zonaroja.com.mx\/index.php?rest_route=\/wp\/v2\/posts\/52256\/revisions\/52258"}],"wp:featuredmedia":[{"embeddable":true,"href":"https:\/\/zonaroja.com.mx\/index.php?rest_route=\/wp\/v2\/media\/52257"}],"wp:attachment":[{"href":"https:\/\/zonaroja.com.mx\/index.php?rest_route=%2Fwp%2Fv2%2Fmedia&parent=52256"}],"wp:term":[{"taxonomy":"category","embeddable":true,"href":"https:\/\/zonaroja.com.mx\/index.php?rest_route=%2Fwp%2Fv2%2Fcategories&post=52256"},{"taxonomy":"post_tag","embeddable":true,"href":"https:\/\/zonaroja.com.mx\/index.php?rest_route=%2Fwp%2Fv2%2Ftags&post=52256"}],"curies":[{"name":"wp","href":"https:\/\/api.w.org\/{rel}","templated":true}]}}